{"id":35948,"date":"2019-05-22T15:15:00","date_gmt":"2019-05-22T19:15:00","guid":{"rendered":"https:\/\/linitiative.ca\/International\/pros-belaili-le-ldc-ne-nous-echappera-pas\/"},"modified":"2019-05-22T15:15:00","modified_gmt":"2019-05-22T19:15:00","slug":"pros-belaili-le-ldc-ne-nous-echappera-pas","status":"publish","type":"post","link":"https:\/\/linitiative.ca\/International\/pros-belaili-le-ldc-ne-nous-echappera-pas\/","title":{"rendered":"Pros : Belaili: \u00abLe LDC ne nous \u00e9chappera pas\u00bb"},"content":{"rendered":"<div readability=\"32\">\n<p>Auteur : <span>Riad O.<\/span> <span class=\"time\">mercredi 22 mai 2019 18:28<\/span><\/p>\n<\/div>\n<div id=\"post_core\" readability=\"38\">\n<p>C\u2019est\u00a0 aujourd\u2019hui mercredi que la d\u00e9l\u00e9gation de l\u2019Esp\u00e9rance Sportive de Tunis s\u2019est envol\u00e9e vers le Maroc afin de pr\u00e9parer le tant attendu rendez-vous de ce vendredi face au Wydad de Casablanca en finale aller de la Ligue des champions africaine. Le joueur Alg\u00e9rien de l\u2019EST, Youcef Belaili s\u2019est dit tr\u00e8s optimiste avant ce rendez-vous en d\u00e9clarant:\u00a0\u00abL\u2019EST est un grand club qui ne joue que pour les titres. Notre objectif est de conserver notre titre africain. Nous en sommes capables. Nous avons un bon groupe de joueur et un entra\u00eeneur tr\u00e8s comp\u00e9tant.\u00bb a-t-il d\u00e9clar\u00e9, avant d\u2019ajouter\u00a0:\u00a0\u00abNous savons ce qui nous attend au Maroc. On fera tout pour aller chercher un r\u00e9sultat positif au match aller chez le WAC. Inch\u2019Allah, le troph\u00e9e sera pour l\u2019EST. Le LDC ne nous \u00e9chappera pas. Je promet \u00e0 nos supporters de tout faire\u00a0 pour marquer et aider mon team \u00e0 remporter la Ligue des champions africaine pour la seconde fois de suite.\u00bb<\/p>\n<p><strong>Publi\u00e9 dans :<\/strong> <span>Bela\u00efli<\/span><\/p>\n<\/div>\n<p>Auteur:<br \/>\n<a href=\"http:\/\/www.lebuteur.com\/article\/detail?titre=belaili-le-ldc-ne-nous-echappera-pas&#038;id=89026&#038;utm_source=feedburner&#038;utm_medium=feed&#038;utm_campaign=Feed%3A+GalerieFArtciles+%28Les+derniers+articles++-+lebuteur.com%29\">Cliquez ici pour lire l&rsquo;article depuis sa source.<\/a><\/p>\n","protected":false},"excerpt":{"rendered":"<p>Auteur : Riad O. mercredi 22 mai 2019 18:28 C\u2019est\u00a0 aujourd\u2019hui mercredi que la d\u00e9l\u00e9gation de l\u2019Esp\u00e9rance Sportive de Tunis s\u2019est envol\u00e9e vers le Maroc afin de pr\u00e9parer le tant attendu rendez-vous de ce vendredi face au Wydad de Casablanca en finale aller de la Ligue des champions africaine. Le joueur Alg\u00e9rien de l\u2019EST, Youcef [&hellip;]<\/p>\n","protected":false},"author":1738,"featured_media":35949,"comment_status":"closed","ping_status":"closed","sticky":false,"template":"","format":"standard","meta":{"fifu_image_url":"","fifu_image_alt":"","footnotes":""},"categories":[53,75],"tags":[],"class_list":["post-35948","post","type-post","status-publish","format-standard","has-post-thumbnail","hentry","category-algerie","category-sport"],"_links":{"self":[{"href":"https:\/\/linitiative.ca\/International\/wp-json\/wp\/v2\/posts\/35948","targetHints":{"allow":["GET"]}}],"collection":[{"href":"https:\/\/linitiative.ca\/International\/wp-json\/wp\/v2\/posts"}],"about":[{"href":"https:\/\/linitiative.ca\/International\/wp-json\/wp\/v2\/types\/post"}],"author":[{"embeddable":true,"href":"https:\/\/linitiative.ca\/International\/wp-json\/wp\/v2\/users\/1738"}],"replies":[{"embeddable":true,"href":"https:\/\/linitiative.ca\/International\/wp-json\/wp\/v2\/comments?post=35948"}],"version-history":[{"count":0,"href":"https:\/\/linitiative.ca\/International\/wp-json\/wp\/v2\/posts\/35948\/revisions"}],"wp:featuredmedia":[{"embeddable":true,"href":"https:\/\/linitiative.ca\/International\/wp-json\/"}],"wp:attachment":[{"href":"https:\/\/linitiative.ca\/International\/wp-json\/wp\/v2\/media?parent=35948"}],"wp:term":[{"taxonomy":"category","embeddable":true,"href":"https:\/\/linitiative.ca\/International\/wp-json\/wp\/v2\/categories?post=35948"},{"taxonomy":"post_tag","embeddable":true,"href":"https:\/\/linitiative.ca\/International\/wp-json\/wp\/v2\/tags?post=35948"}],"curies":[{"name":"wp","href":"https:\/\/api.w.org\/{rel}","templated":true}]}}