{"id":35950,"date":"2019-05-22T15:15:07","date_gmt":"2019-05-22T19:15:07","guid":{"rendered":"https:\/\/linitiative.ca\/International\/pros-kombouare-abeid-est-apte-pour-le-match-du-tfc\/"},"modified":"2019-05-22T15:15:07","modified_gmt":"2019-05-22T19:15:07","slug":"pros-kombouare-abeid-est-apte-pour-le-match-du-tfc","status":"publish","type":"post","link":"https:\/\/linitiative.ca\/International\/pros-kombouare-abeid-est-apte-pour-le-match-du-tfc\/","title":{"rendered":"Pros : Kombouar\u00e9: \u00abAbeid est apte pour le match du TFC\u00bb"},"content":{"rendered":"<div readability=\"32\">\n<p>Auteur : <span>Riad O.<\/span> <span class=\"time\">mercredi 22 mai 2019 18:28<\/span><\/p>\n<\/div>\n<div id=\"post_core\" readability=\"43\">\n<p>Bless\u00e9 ces derniers temps, le joueur milieu de terrain Alg\u00e9rien du DFCO, Mehdi Abeid a retrouv\u00e9\u00a0l\u2019entra\u00eenement collectif. Abeid qui s&rsquo;est bless\u00e9 lors du match amical face \u00e0 la Tunisie au mois de mars, n\u2019a toujours pas encore repris le chemin de la comp\u00e9tition. Le joueur Alg\u00e9rien s\u2019est entra\u00een\u00e9 aujourd\u2019hui avec le groupe et ce en pr\u00e9vision du match de la derni\u00e8re journ\u00e9e du championnat pr\u00e9vu ce vendredi face \u00e0 Toulouse FC. Pr\u00e9sent aujourd\u2019hui en conf\u00e9rence de presse, l\u2019entra\u00eeneur de Dijon, Antoine Kombouar\u00e9, qui a fait le point sur l\u2019infirmerie de son team, a \u00e9voqu\u00e9 la situation de son joueur Alg\u00e9rien\u00a0:\u00a0\u00abMehdi (Abeid) a fait une semaine compl\u00e8te, donc il est apte.\u00bb La question qui m\u00e9rite d\u2019\u00eatre pos\u00e9e actuellement est de savoir si Mehdi Abeid sera apte ou pas pour participer \u00e0 la prochaine CAN?<\/p>\n<p><strong>Publi\u00e9 dans :<\/strong> <span>Abe\u00efd<\/span><\/p>\n<\/div>\n<p>Auteur:<br \/>\n<a href=\"http:\/\/www.lebuteur.com\/article\/detail?titre=kombouare-abeid-est-apte-pour-le-match-du-tfc&#038;id=89025&#038;utm_source=feedburner&#038;utm_medium=feed&#038;utm_campaign=Feed%3A+GalerieFArtciles+%28Les+derniers+articles++-+lebuteur.com%29\">Cliquez ici pour lire l&rsquo;article depuis sa source.<\/a><\/p>\n","protected":false},"excerpt":{"rendered":"<p>Auteur : Riad O. mercredi 22 mai 2019 18:28 Bless\u00e9 ces derniers temps, le joueur milieu de terrain Alg\u00e9rien du DFCO, Mehdi Abeid a retrouv\u00e9\u00a0l\u2019entra\u00eenement collectif. Abeid qui s&rsquo;est bless\u00e9 lors du match amical face \u00e0 la Tunisie au mois de mars, n\u2019a toujours pas encore repris le chemin de la comp\u00e9tition. Le joueur Alg\u00e9rien [&hellip;]<\/p>\n","protected":false},"author":1738,"featured_media":35951,"comment_status":"closed","ping_status":"closed","sticky":false,"template":"","format":"standard","meta":{"fifu_image_url":"","fifu_image_alt":"","footnotes":""},"categories":[53,75],"tags":[],"class_list":["post-35950","post","type-post","status-publish","format-standard","has-post-thumbnail","hentry","category-algerie","category-sport"],"_links":{"self":[{"href":"https:\/\/linitiative.ca\/International\/wp-json\/wp\/v2\/posts\/35950","targetHints":{"allow":["GET"]}}],"collection":[{"href":"https:\/\/linitiative.ca\/International\/wp-json\/wp\/v2\/posts"}],"about":[{"href":"https:\/\/linitiative.ca\/International\/wp-json\/wp\/v2\/types\/post"}],"author":[{"embeddable":true,"href":"https:\/\/linitiative.ca\/International\/wp-json\/wp\/v2\/users\/1738"}],"replies":[{"embeddable":true,"href":"https:\/\/linitiative.ca\/International\/wp-json\/wp\/v2\/comments?post=35950"}],"version-history":[{"count":0,"href":"https:\/\/linitiative.ca\/International\/wp-json\/wp\/v2\/posts\/35950\/revisions"}],"wp:featuredmedia":[{"embeddable":true,"href":"https:\/\/linitiative.ca\/International\/wp-json\/"}],"wp:attachment":[{"href":"https:\/\/linitiative.ca\/International\/wp-json\/wp\/v2\/media?parent=35950"}],"wp:term":[{"taxonomy":"category","embeddable":true,"href":"https:\/\/linitiative.ca\/International\/wp-json\/wp\/v2\/categories?post=35950"},{"taxonomy":"post_tag","embeddable":true,"href":"https:\/\/linitiative.ca\/International\/wp-json\/wp\/v2\/tags?post=35950"}],"curies":[{"name":"wp","href":"https:\/\/api.w.org\/{rel}","templated":true}]}}