{"id":35952,"date":"2019-05-22T15:15:12","date_gmt":"2019-05-22T19:15:12","guid":{"rendered":"https:\/\/linitiative.ca\/International\/international-ogc-nice-la-presse-anglaise-parle-datal-a-man-u\/"},"modified":"2019-05-22T15:15:12","modified_gmt":"2019-05-22T19:15:12","slug":"international-ogc-nice-la-presse-anglaise-parle-datal-a-man-u","status":"publish","type":"post","link":"https:\/\/linitiative.ca\/International\/international-ogc-nice-la-presse-anglaise-parle-datal-a-man-u\/","title":{"rendered":"International : OGC Nice: La presse anglaise parle d\u2019Atal \u00e0 Man U"},"content":{"rendered":"<div readability=\"32\">\n<p>Auteur : <span>Riad O.<\/span> <span class=\"time\">mercredi 22 mai 2019 18:29<\/span><\/p>\n<\/div>\n<div id=\"post_core\" readability=\"41\">\n<p>Le nom du d\u00e9fenseur arri\u00e8re droit Alg\u00e9rien de l\u2019OGC Nice, Youcef Atal continue d\u2019\u00eatre associ\u00e9 aux plus grands clubs europ\u00e9ens. Alors que plusieurs formations ont \u00e9mis le v\u0153u de s\u2019offrir les services d\u2019Atal d\u00e8s cet \u00e9t\u00e9, dont le PSG, la presse anglaise vient de r\u00e9v\u00e9ler que le nom du joueur Alg\u00e9rien est cit\u00e9 du cot\u00e9 de Manchester United. Selon le tr\u00e8s s\u00e9rieux, The Daily Mail, il n\u2019y a certes rien de concret pour l\u2019instant puisqu\u2019aucun contact n\u2019a \u00e9t\u00e9 \u00e9tabli entre les deux parties. Toutefois, la m\u00eame source a ajout\u00e9 qu\u2019Atal pourrait constituer un bon apport pour les Red Devils.<\/p>\n<p><strong>Publi\u00e9 dans :<\/strong> <span>Man U<\/span><\/p>\n<\/div>\n<p>Auteur:<br \/>\n<a href=\"http:\/\/www.lebuteur.com\/article\/detail?titre=ogc-nice-la-presse-anglaise-parle-datal-a-man-u&#038;id=89027&#038;utm_source=feedburner&#038;utm_medium=feed&#038;utm_campaign=Feed%3A+GalerieFArtciles+%28Les+derniers+articles++-+lebuteur.com%29\">Cliquez ici pour lire l&rsquo;article depuis sa source.<\/a><\/p>\n","protected":false},"excerpt":{"rendered":"<p>Auteur : Riad O. mercredi 22 mai 2019 18:29 Le nom du d\u00e9fenseur arri\u00e8re droit Alg\u00e9rien de l\u2019OGC Nice, Youcef Atal continue d\u2019\u00eatre associ\u00e9 aux plus grands clubs europ\u00e9ens. Alors que plusieurs formations ont \u00e9mis le v\u0153u de s\u2019offrir les services d\u2019Atal d\u00e8s cet \u00e9t\u00e9, dont le PSG, la presse anglaise vient de r\u00e9v\u00e9ler que [&hellip;]<\/p>\n","protected":false},"author":1738,"featured_media":35953,"comment_status":"closed","ping_status":"closed","sticky":false,"template":"","format":"standard","meta":{"fifu_image_url":"","fifu_image_alt":"","footnotes":""},"categories":[53,75],"tags":[],"class_list":["post-35952","post","type-post","status-publish","format-standard","has-post-thumbnail","hentry","category-algerie","category-sport"],"_links":{"self":[{"href":"https:\/\/linitiative.ca\/International\/wp-json\/wp\/v2\/posts\/35952","targetHints":{"allow":["GET"]}}],"collection":[{"href":"https:\/\/linitiative.ca\/International\/wp-json\/wp\/v2\/posts"}],"about":[{"href":"https:\/\/linitiative.ca\/International\/wp-json\/wp\/v2\/types\/post"}],"author":[{"embeddable":true,"href":"https:\/\/linitiative.ca\/International\/wp-json\/wp\/v2\/users\/1738"}],"replies":[{"embeddable":true,"href":"https:\/\/linitiative.ca\/International\/wp-json\/wp\/v2\/comments?post=35952"}],"version-history":[{"count":0,"href":"https:\/\/linitiative.ca\/International\/wp-json\/wp\/v2\/posts\/35952\/revisions"}],"wp:featuredmedia":[{"embeddable":true,"href":"https:\/\/linitiative.ca\/International\/wp-json\/"}],"wp:attachment":[{"href":"https:\/\/linitiative.ca\/International\/wp-json\/wp\/v2\/media?parent=35952"}],"wp:term":[{"taxonomy":"category","embeddable":true,"href":"https:\/\/linitiative.ca\/International\/wp-json\/wp\/v2\/categories?post=35952"},{"taxonomy":"post_tag","embeddable":true,"href":"https:\/\/linitiative.ca\/International\/wp-json\/wp\/v2\/tags?post=35952"}],"curies":[{"name":"wp","href":"https:\/\/api.w.org\/{rel}","templated":true}]}}