{"id":35963,"date":"2019-05-22T15:19:18","date_gmt":"2019-05-22T19:19:18","guid":{"rendered":"https:\/\/linitiative.ca\/International\/algerie-egypte-renforcement-de-la-cooperation\/"},"modified":"2019-05-22T15:19:18","modified_gmt":"2019-05-22T19:19:18","slug":"algerie-egypte-renforcement-de-la-cooperation","status":"publish","type":"post","link":"https:\/\/linitiative.ca\/International\/algerie-egypte-renforcement-de-la-cooperation\/","title":{"rendered":"Alg\u00e9rie-Egypte  : Renforcement  de la coop\u00e9ration"},"content":{"rendered":"<p>Le ministre du Commerce, Sa\u00efd Djellab, a examin\u00e9 mardi avec l&rsquo;ambassadeur d&rsquo;Egypte, Aymen Macharfa, plusieurs questions \u00e9conomiques bilat\u00e9rales et convenu du renforcement et du d\u00e9veloppement de la coop\u00e9ration bilat\u00e9rale. L&rsquo;ambassadeur,\u00a0 qui a salu\u00e9 les relations historiques existant entre l&rsquo;Alg\u00e9rie et l&rsquo;Egypte, s&rsquo;est f\u00e9licit\u00e9 des partenariats \u00e9conomiques d\u00e9j\u00e0 r\u00e9alis\u00e9s, notamment les efforts visant la dynamisation de l&rsquo;axe \u00e9conomique et commercial Le Caire-Alger \u00e0 travers de nombreuses conventions et recommandations pour multiplier les \u00e9changes commerciaux et l&rsquo;investissement sign\u00e9es lors de la visite de M. Djellab au Caire fin 2018. M. Macharfa a salu\u00e9 les facilitations offertes par l&rsquo;Alg\u00e9rie \u00e0 la faveur de la volont\u00e9 politique et la stabilit\u00e9 s\u00e9curitaire qui y r\u00e8gnent, pr\u00e9cisant que le volume des investissements \u00e9gyptiens en Alg\u00e9rie avait atteint plus de 3,6 milliards de dollars, exprimant son souhait de hisser le volume des \u00e9changes commerciaux entre les deux pays \u00e0 un milliard de dollars en 2020. Pour sa part, M. Djellab a soulign\u00e9 la n\u00e9cessit\u00e9 de la cr\u00e9ation d&rsquo;un espace d&rsquo;\u00e9changes commerciaux entre les deux pays, affirmant que son d\u00e9partement \u00e9tait pleinement dispos\u00e9 \u00e0 poursuivre les concertations en vue de cr\u00e9er des opportunit\u00e9s d&rsquo;\u00e9changes commerciaux et intensifier les \u00e9changes entre hommes d&rsquo;affaires des deux pays.<\/p>\n<p>Auteur: elmoudjahid<br \/>\n<a href=\"http:\/\/www.elmoudjahid.com\/fr\/actualites\/137205\">Cliquez ici pour lire l&rsquo;article depuis sa source.<\/a><\/p>\n","protected":false},"excerpt":{"rendered":"<p>Le ministre du Commerce, Sa\u00efd Djellab, a examin\u00e9 mardi avec l&rsquo;ambassadeur d&rsquo;Egypte, Aymen Macharfa, plusieurs questions \u00e9conomiques bilat\u00e9rales et convenu du renforcement et du d\u00e9veloppement de la coop\u00e9ration bilat\u00e9rale. L&rsquo;ambassadeur,\u00a0 qui a salu\u00e9 les relations historiques existant entre l&rsquo;Alg\u00e9rie et l&rsquo;Egypte, s&rsquo;est f\u00e9licit\u00e9 des partenariats \u00e9conomiques d\u00e9j\u00e0 r\u00e9alis\u00e9s, notamment les efforts visant la dynamisation de [&hellip;]<\/p>\n","protected":false},"author":1744,"featured_media":0,"comment_status":"closed","ping_status":"closed","sticky":false,"template":"","format":"standard","meta":{"fifu_image_url":"","fifu_image_alt":"","footnotes":""},"categories":[73,53],"tags":[],"class_list":["post-35963","post","type-post","status-publish","format-standard","hentry","category-actualite","category-algerie"],"_links":{"self":[{"href":"https:\/\/linitiative.ca\/International\/wp-json\/wp\/v2\/posts\/35963","targetHints":{"allow":["GET"]}}],"collection":[{"href":"https:\/\/linitiative.ca\/International\/wp-json\/wp\/v2\/posts"}],"about":[{"href":"https:\/\/linitiative.ca\/International\/wp-json\/wp\/v2\/types\/post"}],"author":[{"embeddable":true,"href":"https:\/\/linitiative.ca\/International\/wp-json\/wp\/v2\/users\/1744"}],"replies":[{"embeddable":true,"href":"https:\/\/linitiative.ca\/International\/wp-json\/wp\/v2\/comments?post=35963"}],"version-history":[{"count":0,"href":"https:\/\/linitiative.ca\/International\/wp-json\/wp\/v2\/posts\/35963\/revisions"}],"wp:attachment":[{"href":"https:\/\/linitiative.ca\/International\/wp-json\/wp\/v2\/media?parent=35963"}],"wp:term":[{"taxonomy":"category","embeddable":true,"href":"https:\/\/linitiative.ca\/International\/wp-json\/wp\/v2\/categories?post=35963"},{"taxonomy":"post_tag","embeddable":true,"href":"https:\/\/linitiative.ca\/International\/wp-json\/wp\/v2\/tags?post=35963"}],"curies":[{"name":"wp","href":"https:\/\/api.w.org\/{rel}","templated":true}]}}