{"id":35967,"date":"2019-05-22T05:26:29","date_gmt":"2019-05-22T09:26:29","guid":{"rendered":"https:\/\/linitiative.ca\/International\/89743-ligue-1-mobilis-le-mc-oran-bien-parti-pour-jouer-sa-55e-saison-parmi-l-elite\/"},"modified":"2019-05-22T05:26:29","modified_gmt":"2019-05-22T09:26:29","slug":"89743-ligue-1-mobilis-le-mc-oran-bien-parti-pour-jouer-sa-55e-saison-parmi-l-elite","status":"publish","type":"post","link":"https:\/\/linitiative.ca\/International\/89743-ligue-1-mobilis-le-mc-oran-bien-parti-pour-jouer-sa-55e-saison-parmi-l-elite\/","title":{"rendered":"Ligue 1 Mobilis: le MC Oran bien parti pour jouer sa 55e saison parmi l\u2019\u00e9lite"},"content":{"rendered":"<div>\n<div class=\"K2FeedIntroText\">\n<p><strong>ORAN &#8211; Le MC Oran revient de loin et tient d\u00e9sormais son destin entre les mains apr\u00e8s avoir accroch\u00e9 l\u2019USM Alger (1-1) sur son terrain mardi soir dans le cadre de la 29e et avant derni\u00e8re journ\u00e9e du championnat de Ligue 1 \u2018\u2019Mobilis\u2019\u2019.<\/strong><\/p>\n<\/div>\n<div class=\"K2FeedFullText\">\n<p>Du coup, les \u2018\u2019Hamraoua\u2019\u2019 sont bien partis pour conserver leur place dans la cour des grands et jouer par l\u00e0 m\u00eame, lors de l\u2019exercice \u00e0 venir, leur 55e saison dans ce palier, eux qui partagent la premi\u00e8re place dans ce registre avec le CR Belouizdad, suivis par l\u2019ES S\u00e9tif avec 51 saisons de pr\u00e9sence parmi l\u2019\u00e9lite.<\/p>\n<blockquote>\n<p><em><strong>\u00ab\u00a0Une victoire \u00e0 domicile contre le NA Hussein Dey, lors de la derni\u00e8re journ\u00e9e, nous permettra de sauver notre saison. C\u2019est le match qu\u2019il ne faudra surtout pas rater\u00a0\u00bb, d\u00e9clare l\u2019entraineur du MCO, Nadir Leknaoui, appel\u00e9 \u00e0 la rescousse il y a quelques semaines.<\/strong><\/em><\/p>\n<\/blockquote>\n<p>En fait, Leknaoui dirigeait pour l\u2019occasion son troisi\u00e8me match du banc de touche des Oranais, lui, qui vient de mener l\u2019US Biskra vers la Ligue 1.<\/p>\n<p>\u00ab\u00a0Je suis tr\u00e8s heureux d\u2019\u00eatre sur le point de r\u00e9aliser deux objectifs avec deux clubs diff\u00e9rents. D\u2019un c\u00f4t\u00e9, faire acc\u00e9der l\u2019USB en Ligue 1 et de l\u2019autre, \u00e9viter au MCO la rel\u00e9gation\u00a0\u00bb, se r\u00e9jouit-il d\u00e9j\u00e0, mais tout en insistant que le maintien du club-phare de la capitale de l\u2019Ouest passe par une victoire contre le NAHD dimanche prochain au stade Ahmed-Zabana.<\/p>\n<p>Cependant, tout le monde est unanime \u00e0 dire que le plus dur a \u00e9t\u00e9 fait par les gars d\u2019El-Bahia qui ont r\u00e9ussi, sous la houlette de Leknaoui, quatri\u00e8me coach \u00e0 driver le MCO cette saison, \u00e0 glaner 5 points de leurs trois derniers matchs, dont deux en d\u00e9placement.<\/p>\n<p>Cela se passe au moment o\u00f9 le pr\u00e9sident du club professionnel, Ahmed Belhadj, s\u2019appr\u00eate \u00e0 rendre le tablier. Il devrait d\u2019ailleurs annoncer sa d\u00e9mission apr\u00e8s la derni\u00e8re rencontre du championnat.<\/p>\n<blockquote>\n<p><em><strong>\u00ab\u00a0Ma d\u00e9mission est irr\u00e9vocable. Je veux n\u00e9anmoins laisser le club l\u00e0 o\u00f9 je l\u2019ai trouv\u00e9, c&rsquo;est-\u00e0-dire en Ligue 1. J\u2019ai dirig\u00e9 l\u2019\u00e9quipe pendant cinq ans, et j\u2019ai fait face \u00e0 beaucoup d\u2019al\u00e9as, dont en premier lieu des dettes \u00e9normes que j\u2019ai r\u00e9ussi toutefois \u00e0 r\u00e9gler\u00a0\u00bb, pr\u00e9cise le boss oranais, qui avait sign\u00e9, en janvier dernier, un protocole d\u2019accord avec \u00ab Hyproc Shipping Company \u00bb devant permettre \u00e0 cette filiale de Sonatrach de reprendre le club d\u00e8s la saison prochaine.<\/strong><\/em><\/p>\n<\/blockquote>\n<p>A une journ\u00e9e de la fin du championnat, le MCO occupe la 13e place au classement avec 33 points, soit le m\u00eame nombre d\u2019unit\u00e9s que le MO B\u00e9ja\u00efa, troisi\u00e8me potentiel rel\u00e9gable, mais qui le devance gr\u00e2ce \u00e0 un meilleur goal-average particulier.<\/p>\n<\/div>\n<p><img loading=\"lazy\" decoding=\"async\" src=\"http:\/\/feeds.feedburner.com\/~r\/aps-sport\/~4\/vblDulLVXa0\" height=\"1\" width=\"1\" alt=\"\"><\/div>\n<p>Auteur:<br \/>\n<a href=\"http:\/\/www.aps.dz\/sport\/89743-ligue-1-mobilis-le-mc-oran-bien-parti-pour-jouer-sa-55e-saison-parmi-l-elite?utm_source=feedburner&#038;utm_medium=feed&#038;utm_campaign=Feed%3A+aps-sport+%28APS+-+SPORT%29\">Cliquez ici pour lire l&rsquo;article depuis sa source.<\/a><\/p>\n","protected":false},"excerpt":{"rendered":"<p>ORAN &#8211; Le MC Oran revient de loin et tient d\u00e9sormais son destin entre les mains apr\u00e8s avoir accroch\u00e9 l\u2019USM Alger (1-1) sur son terrain mardi soir dans le cadre de la 29e et avant derni\u00e8re journ\u00e9e du championnat de Ligue 1 \u2018\u2019Mobilis\u2019\u2019. Du coup, les \u2018\u2019Hamraoua\u2019\u2019 sont bien partis pour conserver leur place dans [&hellip;]<\/p>\n","protected":false},"author":1790,"featured_media":0,"comment_status":"closed","ping_status":"closed","sticky":false,"template":"","format":"standard","meta":{"fifu_image_url":"","fifu_image_alt":"","footnotes":""},"categories":[53,75],"tags":[],"class_list":["post-35967","post","type-post","status-publish","format-standard","hentry","category-algerie","category-sport"],"_links":{"self":[{"href":"https:\/\/linitiative.ca\/International\/wp-json\/wp\/v2\/posts\/35967","targetHints":{"allow":["GET"]}}],"collection":[{"href":"https:\/\/linitiative.ca\/International\/wp-json\/wp\/v2\/posts"}],"about":[{"href":"https:\/\/linitiative.ca\/International\/wp-json\/wp\/v2\/types\/post"}],"author":[{"embeddable":true,"href":"https:\/\/linitiative.ca\/International\/wp-json\/wp\/v2\/users\/1790"}],"replies":[{"embeddable":true,"href":"https:\/\/linitiative.ca\/International\/wp-json\/wp\/v2\/comments?post=35967"}],"version-history":[{"count":0,"href":"https:\/\/linitiative.ca\/International\/wp-json\/wp\/v2\/posts\/35967\/revisions"}],"wp:attachment":[{"href":"https:\/\/linitiative.ca\/International\/wp-json\/wp\/v2\/media?parent=35967"}],"wp:term":[{"taxonomy":"category","embeddable":true,"href":"https:\/\/linitiative.ca\/International\/wp-json\/wp\/v2\/categories?post=35967"},{"taxonomy":"post_tag","embeddable":true,"href":"https:\/\/linitiative.ca\/International\/wp-json\/wp\/v2\/tags?post=35967"}],"curies":[{"name":"wp","href":"https:\/\/api.w.org\/{rel}","templated":true}]}}