{"id":35973,"date":"2019-05-22T11:14:30","date_gmt":"2019-05-22T15:14:30","guid":{"rendered":"https:\/\/linitiative.ca\/International\/89765-championnat-de-france-d-athletisme-victoire-de-quatre-algeriens\/"},"modified":"2019-05-22T11:14:30","modified_gmt":"2019-05-22T15:14:30","slug":"89765-championnat-de-france-d-athletisme-victoire-de-quatre-algeriens","status":"publish","type":"post","link":"https:\/\/linitiative.ca\/International\/89765-championnat-de-france-d-athletisme-victoire-de-quatre-algeriens\/","title":{"rendered":"Championnat de France d\u2019athl\u00e9tisme : victoire de quatre Alg\u00e9riens"},"content":{"rendered":"<div>\n<div class=\"K2FeedImage\"><img decoding=\"async\" src=\"http:\/\/www.aps.dz\/media\/k2\/items\/cache\/712630cb70f0d0608e89358126fdc81a_S.jpg\" alt=\"Championnat de France d\u2019athl\u00e9tisme : victoire de quatre Alg\u00e9riens\"><\/div>\n<div class=\"K2FeedIntroText\">\n<p><strong>PARIS &#8211; Les Alg\u00e9riens Miloud Laredj, Abderahmane Anou, Amine Brahimi et Abdelhamid Zerrifi ont remport\u00e9 leurs \u00e9preuves respectives lors des championnats de France interclubs d&rsquo;athl\u00e9tisme, disput\u00e9s \u00e0 Antony.<\/strong><\/p>\n<\/div>\n<div class=\"K2FeedFullText\">\n<p>Laredj s&rsquo;est impos\u00e9 sur le 400 m en 46.90, devant les Fran\u00e7ais Bastien Mandrou (47.00) et Alexis Martin (48.79), alors qu&rsquo;Anou a remport\u00e9 le 3000 m, en 8 :12.18, imit\u00e9 par ses compatriotes Brahimi et Zerrifi, qui se sont respectivement impos\u00e9s sur 800 m (1 :51.87) et sur 3000 m steeple (8 :51.69).<\/p>\n<p>Pour sa part, Souheir Bouali s&rsquo;est class\u00e9e en 3e position du 200 m avec un chrono de 24.86, derri\u00e8re les Fran\u00e7aises Gina Bass (23.33) et Chralotte Jeanne 24.66.<\/p>\n<p>De son cot\u00e9, Salim Keddaer s&rsquo;est align\u00e9 sur le 3000 m steeple de Villeneuve d&rsquo;ASCQ et a termin\u00e9 en t\u00eate, avec un chrono de 9.00.96.<\/p>\n<\/div>\n<p><img loading=\"lazy\" decoding=\"async\" src=\"http:\/\/feeds.feedburner.com\/~r\/aps-sport\/~4\/_SpueuaA87c\" height=\"1\" width=\"1\" alt=\"\"><\/div>\n<p>Auteur:<br \/>\n<a href=\"http:\/\/www.aps.dz\/sport\/89765-championnat-de-france-d-athletisme-victoire-de-quatre-algeriens?utm_source=feedburner&#038;utm_medium=feed&#038;utm_campaign=Feed%3A+aps-sport+%28APS+-+SPORT%29\">Cliquez ici pour lire l&rsquo;article depuis sa source.<\/a><\/p>\n","protected":false},"excerpt":{"rendered":"<p>PARIS &#8211; Les Alg\u00e9riens Miloud Laredj, Abderahmane Anou, Amine Brahimi et Abdelhamid Zerrifi ont remport\u00e9 leurs \u00e9preuves respectives lors des championnats de France interclubs d&rsquo;athl\u00e9tisme, disput\u00e9s \u00e0 Antony. Laredj s&rsquo;est impos\u00e9 sur le 400 m en 46.90, devant les Fran\u00e7ais Bastien Mandrou (47.00) et Alexis Martin (48.79), alors qu&rsquo;Anou a remport\u00e9 le 3000 m, en [&hellip;]<\/p>\n","protected":false},"author":1790,"featured_media":35974,"comment_status":"closed","ping_status":"closed","sticky":false,"template":"","format":"standard","meta":{"fifu_image_url":"","fifu_image_alt":"","footnotes":""},"categories":[53,75],"tags":[],"class_list":["post-35973","post","type-post","status-publish","format-standard","has-post-thumbnail","hentry","category-algerie","category-sport"],"_links":{"self":[{"href":"https:\/\/linitiative.ca\/International\/wp-json\/wp\/v2\/posts\/35973","targetHints":{"allow":["GET"]}}],"collection":[{"href":"https:\/\/linitiative.ca\/International\/wp-json\/wp\/v2\/posts"}],"about":[{"href":"https:\/\/linitiative.ca\/International\/wp-json\/wp\/v2\/types\/post"}],"author":[{"embeddable":true,"href":"https:\/\/linitiative.ca\/International\/wp-json\/wp\/v2\/users\/1790"}],"replies":[{"embeddable":true,"href":"https:\/\/linitiative.ca\/International\/wp-json\/wp\/v2\/comments?post=35973"}],"version-history":[{"count":0,"href":"https:\/\/linitiative.ca\/International\/wp-json\/wp\/v2\/posts\/35973\/revisions"}],"wp:featuredmedia":[{"embeddable":true,"href":"https:\/\/linitiative.ca\/International\/wp-json\/"}],"wp:attachment":[{"href":"https:\/\/linitiative.ca\/International\/wp-json\/wp\/v2\/media?parent=35973"}],"wp:term":[{"taxonomy":"category","embeddable":true,"href":"https:\/\/linitiative.ca\/International\/wp-json\/wp\/v2\/categories?post=35973"},{"taxonomy":"post_tag","embeddable":true,"href":"https:\/\/linitiative.ca\/International\/wp-json\/wp\/v2\/tags?post=35973"}],"curies":[{"name":"wp","href":"https:\/\/api.w.org\/{rel}","templated":true}]}}