{"id":35979,"date":"2019-05-22T13:36:02","date_gmt":"2019-05-22T17:36:02","guid":{"rendered":"https:\/\/linitiative.ca\/International\/89781-cio-la-candidature-de-berraf-acceptee-par-la-commission-executive\/"},"modified":"2019-05-22T13:36:02","modified_gmt":"2019-05-22T17:36:02","slug":"89781-cio-la-candidature-de-berraf-acceptee-par-la-commission-executive","status":"publish","type":"post","link":"https:\/\/linitiative.ca\/International\/89781-cio-la-candidature-de-berraf-acceptee-par-la-commission-executive\/","title":{"rendered":"CIO : la candidature de Berraf accept\u00e9e par la Commission ex\u00e9cutive"},"content":{"rendered":"<div>\n<div class=\"K2FeedImage\"><img decoding=\"async\" src=\"http:\/\/www.aps.dz\/media\/k2\/items\/cache\/9d1ea190a439f19ddc67b4fe87fc482b_S.jpg\" alt=\"CIO : la candidature de Berraf accept\u00e9e par la Commission ex\u00e9cutive\"><\/div>\n<div class=\"K2FeedIntroText\">\n<p><strong>ALGER &#8211; La Commission ex\u00e9cutive du Comit\u00e9 international olympique (CIO) a approuv\u00e9 la proposition de la candidature de l&rsquo;Alg\u00e9rien Mustapha Berraf pour son \u00e9lection au titre de membre du CIO lors de sa 134e session qui aura lieu du 24 au 26 juin 2019 \u00e0 Lausanne (Suisse), a indiqu\u00e9 le Comit\u00e9 olympique et sportif alg\u00e9rien (COA) mercredi.<\/strong><\/p>\n<\/div>\n<div class=\"K2FeedFullText\">\n<p>Depuis l\u2019ind\u00e9pendance de l&rsquo;Alg\u00e9rie en 1962, deux alg\u00e9riens seulement ont eu cette haute distinction sportive internationale. Il s&rsquo;agit de l&rsquo;ancien pr\u00e9sident du COA Mohamed Zerguini, devenu membre du CIO en 1974 et de l&rsquo;ancien pr\u00e9sident de la F\u00e9d\u00e9ration internationale de natation Mustapha Larfaoui, membre actif de l\u2019instance olympique internationale de 1988 au 24 Mars 2009 et actuellement membre honoraire.<\/p>\n<p>Ancien international avec la s\u00e9lection alg\u00e9rienne de basket-ball, Mustapha Berraf (65 ans) qui vient d&rsquo;int\u00e9grer la Commission de solidarit\u00e9 olympique du CIO, est l&rsquo;actuel pr\u00e9sident du COA et de l&rsquo;Association des comit\u00e9s nationaux olympiques d&rsquo;Afrique (ACNOA).<\/p>\n<\/div>\n<p><img loading=\"lazy\" decoding=\"async\" src=\"http:\/\/feeds.feedburner.com\/~r\/aps-sport\/~4\/p-ik6fy7pi4\" height=\"1\" width=\"1\" alt=\"\"><\/div>\n<p>Auteur:<br \/>\n<a href=\"http:\/\/www.aps.dz\/sport\/89781-cio-la-candidature-de-berraf-acceptee-par-la-commission-executive?utm_source=feedburner&#038;utm_medium=feed&#038;utm_campaign=Feed%3A+aps-sport+%28APS+-+SPORT%29\">Cliquez ici pour lire l&rsquo;article depuis sa source.<\/a><\/p>\n","protected":false},"excerpt":{"rendered":"<p>ALGER &#8211; La Commission ex\u00e9cutive du Comit\u00e9 international olympique (CIO) a approuv\u00e9 la proposition de la candidature de l&rsquo;Alg\u00e9rien Mustapha Berraf pour son \u00e9lection au titre de membre du CIO lors de sa 134e session qui aura lieu du 24 au 26 juin 2019 \u00e0 Lausanne (Suisse), a indiqu\u00e9 le Comit\u00e9 olympique et sportif alg\u00e9rien [&hellip;]<\/p>\n","protected":false},"author":1790,"featured_media":35980,"comment_status":"closed","ping_status":"closed","sticky":false,"template":"","format":"standard","meta":{"fifu_image_url":"","fifu_image_alt":"","footnotes":""},"categories":[53,75],"tags":[],"class_list":["post-35979","post","type-post","status-publish","format-standard","has-post-thumbnail","hentry","category-algerie","category-sport"],"_links":{"self":[{"href":"https:\/\/linitiative.ca\/International\/wp-json\/wp\/v2\/posts\/35979","targetHints":{"allow":["GET"]}}],"collection":[{"href":"https:\/\/linitiative.ca\/International\/wp-json\/wp\/v2\/posts"}],"about":[{"href":"https:\/\/linitiative.ca\/International\/wp-json\/wp\/v2\/types\/post"}],"author":[{"embeddable":true,"href":"https:\/\/linitiative.ca\/International\/wp-json\/wp\/v2\/users\/1790"}],"replies":[{"embeddable":true,"href":"https:\/\/linitiative.ca\/International\/wp-json\/wp\/v2\/comments?post=35979"}],"version-history":[{"count":0,"href":"https:\/\/linitiative.ca\/International\/wp-json\/wp\/v2\/posts\/35979\/revisions"}],"wp:featuredmedia":[{"embeddable":true,"href":"https:\/\/linitiative.ca\/International\/wp-json\/"}],"wp:attachment":[{"href":"https:\/\/linitiative.ca\/International\/wp-json\/wp\/v2\/media?parent=35979"}],"wp:term":[{"taxonomy":"category","embeddable":true,"href":"https:\/\/linitiative.ca\/International\/wp-json\/wp\/v2\/categories?post=35979"},{"taxonomy":"post_tag","embeddable":true,"href":"https:\/\/linitiative.ca\/International\/wp-json\/wp\/v2\/tags?post=35979"}],"curies":[{"name":"wp","href":"https:\/\/api.w.org\/{rel}","templated":true}]}}