{"id":35991,"date":"2019-05-22T05:00:59","date_gmt":"2019-05-22T09:00:59","guid":{"rendered":"https:\/\/linitiative.ca\/International\/tiaret-les-citoyens-organisent-des-debats\/"},"modified":"2019-05-22T05:00:59","modified_gmt":"2019-05-22T09:00:59","slug":"tiaret-les-citoyens-organisent-des-debats","status":"publish","type":"post","link":"https:\/\/linitiative.ca\/International\/tiaret-les-citoyens-organisent-des-debats\/","title":{"rendered":"Tiaret :\u00a0Les citoyens organisent des d\u00e9bats \u00a0"},"content":{"rendered":"<h4 class=\"title-14\"\/>\n<p class=\"p4\"><span class=\"s8\"><strong>T<\/strong><\/span><span class=\"s7\">iaret, \u00e0 l\u2019instar de beaucoup de r\u00e9gions du pays, bouillonne. Hier, en marge d\u2019un rassemblement initi\u00e9 gr\u00e2ce aux r\u00e9seaux sociaux au niveau de la place des Martyrs, un d\u00e9bat citoyen s\u2019est instaur\u00e9 et des r\u00e9flexions, bien que lanc\u00e9es d\u2019une mani\u00e8re brute, ont \u00e9t\u00e9 \u00e9chang\u00e9es. L\u2019id\u00e9e d\u2019un sit-in devant le si\u00e8ge de la wilaya pour \u00e9voquer les pr\u00e9occupations citoyennes de la wilaya a \u00e9t\u00e9 retenue.<\/span><\/p>\n<p class=\"p4\"><span class=\"s7\">Rencontre \u00e0 laquelle ont assist\u00e9 de nombreux citoyens d\u2019autres communes, comme Oued-Lilli, Hamadia, Sougueur. Sevr\u00e9s de d\u00e9bats \u00e0 m\u00eame de f\u00e9d\u00e9rer les \u00e9nergies, les citoyens de Tiaret semblent d\u00e9cid\u00e9s en d\u00e9pit de man\u0153uvres dilatoires de l\u2019affecter et de l\u2019affaiblir \u00e0 en d\u00e9coudre avec les tenants d\u2019un syst\u00e8me finissant. Beaucoup de sujets ont \u00e9t\u00e9 abord\u00e9s, l\u2019espace d\u2019une rencontre houleuse, sur le cadre de vie, les priorit\u00e9s en mati\u00e8re de d\u00e9veloppement, le bradage des biens de la collectivit\u00e9 et de cette demande de valoir \u00abla t\u00eate de la Issaba\u00bb.<\/span><\/p>\n<p class=\"p4\"><span class=\"s7\">A vrai dire, le rassemblement citoyen de ce d\u00e9but de semaine a \u00e9t\u00e9 possible apr\u00e8s la propagation d\u2019une nouvelle (vraie ou fausse\u00a0?) concernant une pr\u00e9tendue rencontre entre responsables et pseudos repr\u00e9sentants de la soci\u00e9t\u00e9 civile dans un h\u00f4tel \u00e0 Tiaret.<\/span><\/p>\n<p class=\"p4\"><span class=\"s7\">Qu\u2019\u00e0 cela ne tienne, le rassemblement de dimanche aura \u00e9t\u00e9 en d\u00e9pit d\u2019un manque d\u2019encadrement une opportunit\u00e9 pour le peuple de Tiaret de discuter de ses probl\u00e8mes et d\u2019entrouvrir des perspectives \u00e0 l\u2019aune du hirak. Un hirak bien d\u2019essence populaire quand bien m\u00eame certains opportunistes aient tent\u00e9 de se l\u2019accaparer \u00e0 des fins occultes.<\/span><\/p>\n<p class=\"p4\"><strong><span class=\"s2\">Les r\u00e9seaux de gaz et d\u2019\u00e9lectricit\u00e9<\/span> <span class=\"s2\">en difficult\u00e9<\/span><\/strong><\/p>\n<p class=\"p4\"><span class=\"s7\"><em>\u00abQuarante cas d\u2019agression sur les r\u00e9seaux gaz et \u00e9lectricit\u00e9 ont \u00e9t\u00e9 enregistr\u00e9s depuis le d\u00e9but de l\u2019ann\u00e9e jusqu\u2019au 19 mai 2019\u00bb<\/em>, signale Sonelgaz Tiaret dans un communiqu\u00e9 adress\u00e9 \u00e0 notre r\u00e9daction.<\/span><\/p>\n<p class=\"p4\"><span class=\"s7\">La m\u00eame source indique qu\u2019<em>\u00aben d\u00e9pit des campagnes de sensibilisation, notamment en direction des entreprises de r\u00e9alisation sur la n\u00e9cessit\u00e9 de coordonner avec les services de Sonelgaz avant l\u2019entame d\u2019un quelconque projet, la situation est rest\u00e9e inchang\u00e9e et l\u2019entreprise continue de subir les contrecoups de ses travaux, au m\u00e9pris des r\u00e8gles de conduite quand ce n\u2019est pas la client\u00e8le qui subit les erreurs g\u00e9n\u00e9r\u00e9es par ces comportements.<\/em><\/span><\/p>\n<p class=\"p4\"><span class=\"s7\"><em>Trop souvent, ajoute-t-on, ces agressions sont induites par des travaux d\u2019am\u00e9nagement et\/ou d\u2019extension dans les habitations induisant, dans certains cas, des dangers r\u00e9els sur la s\u00e9curit\u00e9 des biens et des personnes et agressions qui am\u00e8nent les services de l\u2019entreprise \u00e0 engager des poursuites judiciaires contre les contrevenants\u00bb.<\/em><\/span><\/p>\n<p class=\"p4\"><span class=\"s7\">En plus de ces d\u00e9sagr\u00e9ments, Sonelgaz fait toujours face aux vols de c\u00e2bles, comme celui ayant vu, il y a quelque temps, la subtilisation de 1500 m\u00e8tres de c\u00e2bles \u00e9lectriques moyen et basse tensions au poste 649 centre \u00e9lectrification rurale Louabed, commune de Rahouia, sur d\u00e9part 30 KV Relizane et, une semaine auparavant, 500 m\u00e8tres sur la MT au poste 260 centre \u00e9lectrification rurale Belhadj Boucif \u00e0 Ouled Boughedou sur d\u00e9part 30KV Oued Lilli.<\/span><\/p>\n<div class=\"yuzo_related_post style-1\" data-version=\"5.12.88\">\n<p><h3>Related Post<\/h3>\n<\/p>\n<div class=\"yuzo_wraps\">\n<div class=\"relatedthumb relatedpost-555681 c12\"><a href=\"https:\/\/www.elwatan.com\/edition\/actualite\/medelci-inhume-a-alger-en-presence-de-nombreuses-personnalites-29-01-2019\"\/><\/p>\n<p><span class=\"yuzo__text--title c11\">Medelci inhum\u00e9 \u00e0 Alger en pr\u00e9sence de nombreuses p&#8230;<\/span><\/div>\n<div class=\"relatedthumb relatedpost-575623 c12\"><a href=\"https:\/\/www.elwatan.com\/edition\/actualite\/les-syndicalistes-de-six-wilayas-a-tlemcen-protestent-sidi-said-degage-29-04-2019\"\/><\/p>\n<p><span class=\"yuzo__text--title c11\">Les syndicalistes de six wilayas \u00e0 Tlemcen protest&#8230;<\/span><\/div>\n<div class=\"relatedthumb relatedpost-146615 c12\"><a href=\"https:\/\/www.elwatan.com\/edition\/sports\/mo-bejaia-les-crabes-pour-une-premiere-victoire-a-domicile-31-08-2018\"\/><\/p>\n<p><span class=\"yuzo__text--title c11\">MO B\u00e9ja\u00efa : Les Crabes pour une premi\u00e8re victoire &#8230;<\/span><\/div>\n<div class=\"relatedthumb relatedpost-500623 c12\"><a href=\"https:\/\/www.elwatan.com\/regions\/sud\/actu-sud\/grand-flux-de-touristes-dans-la-vallee-du-mzab-2-03-01-2016\"\/><\/p>\n<p><span class=\"yuzo__text--title c11\">Grand flux de touristes dans la vall\u00e9e du M\u2019zab<\/span><\/div>\n<\/div>\n<\/div>\n<p><span class=\"post-views-label\">Post Views:<\/span> <span class=\"post-views-count\">85<\/span><\/p>\n<p>Auteur: Anis Khecheba<br \/>\n<a href=\"https:\/\/www.elwatan.com\/regions\/ouest\/tiaret\/tiaret-les-citoyens-organisent-des-debats-22-05-2019\">Cliquez ici pour lire l&rsquo;article depuis sa source.<\/a><\/p>\n","protected":false},"excerpt":{"rendered":"<p>Tiaret, \u00e0 l\u2019instar de beaucoup de r\u00e9gions du pays, bouillonne. Hier, en marge d\u2019un rassemblement initi\u00e9 gr\u00e2ce aux r\u00e9seaux sociaux au niveau de la place des Martyrs, un d\u00e9bat citoyen s\u2019est instaur\u00e9 et des r\u00e9flexions, bien que lanc\u00e9es d\u2019une mani\u00e8re brute, ont \u00e9t\u00e9 \u00e9chang\u00e9es. L\u2019id\u00e9e d\u2019un sit-in devant le si\u00e8ge de la wilaya pour \u00e9voquer [&hellip;]<\/p>\n","protected":false},"author":1743,"featured_media":0,"comment_status":"closed","ping_status":"closed","sticky":false,"template":"","format":"standard","meta":{"fifu_image_url":"","fifu_image_alt":"","footnotes":""},"categories":[73,53],"tags":[],"class_list":["post-35991","post","type-post","status-publish","format-standard","hentry","category-actualite","category-algerie"],"_links":{"self":[{"href":"https:\/\/linitiative.ca\/International\/wp-json\/wp\/v2\/posts\/35991","targetHints":{"allow":["GET"]}}],"collection":[{"href":"https:\/\/linitiative.ca\/International\/wp-json\/wp\/v2\/posts"}],"about":[{"href":"https:\/\/linitiative.ca\/International\/wp-json\/wp\/v2\/types\/post"}],"author":[{"embeddable":true,"href":"https:\/\/linitiative.ca\/International\/wp-json\/wp\/v2\/users\/1743"}],"replies":[{"embeddable":true,"href":"https:\/\/linitiative.ca\/International\/wp-json\/wp\/v2\/comments?post=35991"}],"version-history":[{"count":0,"href":"https:\/\/linitiative.ca\/International\/wp-json\/wp\/v2\/posts\/35991\/revisions"}],"wp:attachment":[{"href":"https:\/\/linitiative.ca\/International\/wp-json\/wp\/v2\/media?parent=35991"}],"wp:term":[{"taxonomy":"category","embeddable":true,"href":"https:\/\/linitiative.ca\/International\/wp-json\/wp\/v2\/categories?post=35991"},{"taxonomy":"post_tag","embeddable":true,"href":"https:\/\/linitiative.ca\/International\/wp-json\/wp\/v2\/tags?post=35991"}],"curies":[{"name":"wp","href":"https:\/\/api.w.org\/{rel}","templated":true}]}}