{"id":35992,"date":"2019-05-22T05:03:39","date_gmt":"2019-05-22T09:03:39","guid":{"rendered":"https:\/\/linitiative.ca\/International\/tizi-ouzou-les-employees-du-filet-social-se-mobilisent\/"},"modified":"2019-05-22T05:03:39","modified_gmt":"2019-05-22T09:03:39","slug":"tizi-ouzou-les-employees-du-filet-social-se-mobilisent","status":"publish","type":"post","link":"https:\/\/linitiative.ca\/International\/tizi-ouzou-les-employees-du-filet-social-se-mobilisent\/","title":{"rendered":"Tizi Ouzou : Les employ\u00e9es du filet social se mobilisent"},"content":{"rendered":"<h4 class=\"title-14\"\/>\n<div class=\"featured_image\"><img width=\"800\" height=\"600\" data-cfsrc=\"https:\/\/www.elwatan.com\/wp-content\/uploads\/2019\/05\/F.-Social.gif\" class=\"attachment-post-thumbnail size-post-thumbnail wp-post-image c1\" alt=\"\"\/><noscript><\/p>\n<p><img loading=\"lazy\" decoding=\"async\" width=\"800\" height=\"600\" src=\"https:\/\/www.elwatan.com\/wp-content\/uploads\/2019\/05\/F.-Social.gif\" class=\"attachment-post-thumbnail size-post-thumbnail wp-post-image\" alt=\"\"\/><\/p>\n<p><\/noscript><\/div>\n<p class=\"p4\"><span class=\"s4\"><strong>Des employ\u00e9es du filet social ont tenu hier un rassemblement devant le si\u00e8ge de la wilaya de Tizi Ouzou pour r\u00e9clamer leur titularisation.<\/strong><\/span><\/p>\n<p class=\"p4\"><span class=\"s5\"><strong>L<\/strong><\/span><span class=\"s4\">es employ\u00e9s du filet social de plusieurs communes, dont Azazga, Ifigha, Idjeur et Yakouren, majoritairement des femmes, ont organis\u00e9, hier, un rassemblement de protestation devant le si\u00e8ge de la wilaya de Tizi Ouzou pour interpeller les pouvoirs publics sur leur situation sociale devenue intenable. Des \u00e9lus locaux, dont le P\/APC d\u2019Azazga, se sont joints \u00e0 cette action pour soutenir ces employ\u00e9s, pouss\u00e9s \u00e0 la porte de sortie \u00e0 la fin de leurs contrats, sans aucun droit, notamment celui de la retraite.<\/span><\/p>\n<p class=\"p4\"><span class=\"s4\">Une d\u00e9l\u00e9gation de ces employ\u00e9s, accompagn\u00e9es par le maire d\u2019Azazga, a \u00e9t\u00e9 re\u00e7ue par les repr\u00e9sentants du wali de Tizi Ouzou \u00e0 l\u2019effet de prendre connaissance de leurs revendications qui ne sont autres que leur permanisation dans les postes qu\u2019ils occupent parfois depuis pr\u00e8s de vingt ann\u00e9es. La proposition de l\u2019administration de reconduire les contrats du filet social pour celles et ceux engag\u00e9s avant 2001 n\u2019a pas \u00e9t\u00e9 accept\u00e9e par les protestataires qui r\u00e9clament des contrats de travail en bonne et due forme comme tous les fonctionnaires.<\/span><\/p>\n<p class=\"p4\"><span class=\"s4\">Plusieurs actions de protestation ont \u00e9t\u00e9 organis\u00e9es ces derni\u00e8res semaines devant les si\u00e8ges de mairie, notamment \u00e0 Azazga et Bouzegu\u00e8ne, sans pour autant attirer l\u2019attention des pouvoirs publics sur leur sort.<\/span><\/p>\n<p class=\"p4\"><span class=\"s4\">Apr\u00e8s \u00ab<em>la sourde oreille des autorit\u00e9s de wilaya<\/em>\u00bb quant \u00e0 leur l\u00e9gitime revendication, exprim\u00e9e moult fois par \u00e9crit et par des protestations sur la voie publique, comme ce fut le cas lundi dernier avec le sit-in devant le si\u00e8ge de la mairie d\u2019Azazga, ces employ\u00e9s du filet social, hommes et femmes, ont organis\u00e9, dimanche dernier un autre rassemblement devant la m\u00eame mairie qu\u2019ils ont ferm\u00e9e pour la journ\u00e9e.<\/span><\/p>\n<p class=\"p4\"><span class=\"s4\">Ces employ\u00e9s, dont des dipl\u00f4m\u00e9s universitaires et en majorit\u00e9 des femmes, r\u00e9mun\u00e9r\u00e9s \u00e0 5000 DA par mois et sans cotisations pour la retraite, expriment leur ras-le-bol quant \u00e0 l\u2019humiliation qu\u2019ils vivent avec ce statut, qualifi\u00e9 d\u2019\u00ab<em>esclavagisme des temps modernes qui ne veut pas prendre fin<\/em>\u00bb.<\/span><\/p>\n<p class=\"p4\"><span class=\"s4\">Certaines de ces employ\u00e9es sont non seulement des m\u00e8res de familles et malades, qui n\u2019arrivent m\u00eame pas, en ce mois de pi\u00e9t\u00e9, \u00e0 pouvoir payer leurs m\u00e9dicaments, cumulent jusqu\u2019\u00e0 pr\u00e8s de 20 ans d\u2019anciennet\u00e9 et, le comble, sans \u00eatre titularis\u00e9es dans leurs postes de travail.<\/span><\/p>\n<p class=\"p4\"><span class=\"s4\">Et dire que pendant toute l\u2019attente dans l\u2019espoir de la titularisation et la longue exp\u00e9rience acquise pour ces dizaines de femmes, d\u2019autres employ\u00e9s sont recrut\u00e9s dans les m\u00eames conditions et dispositifs pour \u00eatre exploit\u00e9s de la m\u00eame fa\u00e7on avant de quitter leurs postes pour certains en constatant leur injuste r\u00e9mun\u00e9ration, ou d\u2019\u00eatre int\u00e9gr\u00e9s pour de rares autres.<\/span><\/p>\n<div class=\"yuzo_related_post style-1\" data-version=\"5.12.88\">\n<p><h3>Related Post<\/h3>\n<\/p>\n<div class=\"yuzo_wraps\">\n<div class=\"relatedthumb relatedpost-141032 c11\"><a href=\"https:\/\/www.elwatan.com\/pages-hebdo\/portrait\/ce-fln-nest-pas-celui-pour-lequel-on-a-combattu-26-07-2018\"\/><\/p>\n<p><span class=\"yuzo__text--title c10\">\u00abCe FLN n\u2019est pas celui pour lequel on a combattu &#8230;<\/span><\/div>\n<div class=\"relatedthumb relatedpost-554239 c11\"><a href=\"https:\/\/www.elwatan.com\/regions\/kabylie\/boumerdes\/le-secteur-des-sports-neglige-21-01-2019\"\/><\/p>\n<p><span class=\"yuzo__text--title c10\">Le secteur des sports n\u00e9glig\u00e9<\/span><\/div>\n<div class=\"relatedthumb relatedpost-507759 c11\"><a href=\"https:\/\/www.elwatan.com\/regions\/sud\/actu-sud\/ghardaia-place-a-la-joie-la-culture-et-le-farniente-2-14-04-2016\"\/><\/p>\n<p><span class=\"yuzo__text--title c10\">Gharda\u00efa : Place \u00e0 la joie, la culture et le farni&#8230;<\/span><\/div>\n<div class=\"relatedthumb relatedpost-447206 c11\"><a href=\"https:\/\/www.elwatan.com\/regions\/sud\/actu-sud\/djanet-des-jeunes-ferment-la-route-2-30-01-2014\"\/><\/p>\n<p><span class=\"yuzo__text--title c10\">Djanet : Des jeunes ferment la route<\/span><\/div>\n<\/div>\n<\/div>\n<p><span class=\"post-views-label\">Post Views:<\/span> <span class=\"post-views-count\">63<\/span><\/p>\n<p>Auteur: Anis Khecheba<br \/>\n<a href=\"https:\/\/www.elwatan.com\/regions\/kabylie\/tizi-ouzou\/tizi-ouzou-les-employees-du-filet-social-se-mobilisent-22-05-2019\">Cliquez ici pour lire l&rsquo;article depuis sa source.<\/a><\/p>\n","protected":false},"excerpt":{"rendered":"<p>Des employ\u00e9es du filet social ont tenu hier un rassemblement devant le si\u00e8ge de la wilaya de Tizi Ouzou pour r\u00e9clamer leur titularisation. Les employ\u00e9s du filet social de plusieurs communes, dont Azazga, Ifigha, Idjeur et Yakouren, majoritairement des femmes, ont organis\u00e9, hier, un rassemblement de protestation devant le si\u00e8ge de la wilaya de Tizi [&hellip;]<\/p>\n","protected":false},"author":1743,"featured_media":35993,"comment_status":"closed","ping_status":"closed","sticky":false,"template":"","format":"standard","meta":{"fifu_image_url":"","fifu_image_alt":"","footnotes":""},"categories":[73,53],"tags":[],"class_list":["post-35992","post","type-post","status-publish","format-standard","has-post-thumbnail","hentry","category-actualite","category-algerie"],"_links":{"self":[{"href":"https:\/\/linitiative.ca\/International\/wp-json\/wp\/v2\/posts\/35992","targetHints":{"allow":["GET"]}}],"collection":[{"href":"https:\/\/linitiative.ca\/International\/wp-json\/wp\/v2\/posts"}],"about":[{"href":"https:\/\/linitiative.ca\/International\/wp-json\/wp\/v2\/types\/post"}],"author":[{"embeddable":true,"href":"https:\/\/linitiative.ca\/International\/wp-json\/wp\/v2\/users\/1743"}],"replies":[{"embeddable":true,"href":"https:\/\/linitiative.ca\/International\/wp-json\/wp\/v2\/comments?post=35992"}],"version-history":[{"count":0,"href":"https:\/\/linitiative.ca\/International\/wp-json\/wp\/v2\/posts\/35992\/revisions"}],"wp:featuredmedia":[{"embeddable":true,"href":"https:\/\/linitiative.ca\/International\/wp-json\/"}],"wp:attachment":[{"href":"https:\/\/linitiative.ca\/International\/wp-json\/wp\/v2\/media?parent=35992"}],"wp:term":[{"taxonomy":"category","embeddable":true,"href":"https:\/\/linitiative.ca\/International\/wp-json\/wp\/v2\/categories?post=35992"},{"taxonomy":"post_tag","embeddable":true,"href":"https:\/\/linitiative.ca\/International\/wp-json\/wp\/v2\/tags?post=35992"}],"curies":[{"name":"wp","href":"https:\/\/api.w.org\/{rel}","templated":true}]}}