{"id":35994,"date":"2019-05-22T05:03:52","date_gmt":"2019-05-22T09:03:52","guid":{"rendered":"https:\/\/linitiative.ca\/International\/mostaganem-une-campagne-de-prevention-contre-la-fatigue-au-volant\/"},"modified":"2019-05-22T05:03:52","modified_gmt":"2019-05-22T09:03:52","slug":"mostaganem-une-campagne-de-prevention-contre-la-fatigue-au-volant","status":"publish","type":"post","link":"https:\/\/linitiative.ca\/International\/mostaganem-une-campagne-de-prevention-contre-la-fatigue-au-volant\/","title":{"rendered":"Mostaganem : Une campagne de pr\u00e9vention contre la fatigue au volant"},"content":{"rendered":"<h4 class=\"title-14\"\/>\n<div class=\"featured_image\"><img width=\"800\" height=\"437\" data-cfsrc=\"https:\/\/www.elwatan.com\/wp-content\/uploads\/2019\/05\/Sans-titre-1-72.gif\" class=\"attachment-post-thumbnail size-post-thumbnail wp-post-image c1\" alt=\"\"\/><noscript><\/p>\n<p><img loading=\"lazy\" decoding=\"async\" width=\"800\" height=\"437\" src=\"https:\/\/www.elwatan.com\/wp-content\/uploads\/2019\/05\/Sans-titre-1-72.gif\" class=\"attachment-post-thumbnail size-post-thumbnail wp-post-image\" alt=\"\"\/><\/p>\n<p><\/noscript><\/div>\n<p class=\"p4\"><span class=\"s4\">Des \u00e9tudes ont r\u00e9v\u00e9l\u00e9 que la fatigue au volant est \u00e0 l\u2019origine de 35% des sinistres enregistr\u00e9s en Alg\u00e9rie.<\/span><\/p>\n<p class=\"p4\"><span class=\"s5\"><strong>S<\/strong><\/span><span class=\"s4\">i le r\u00f4le de l\u2019alcool, des drogues ou de la vitesse dans la gen\u00e8se des accidents de la route est aujourd\u2019hui reconnu et admis, le danger li\u00e9 \u00e0 la fatigue au volant est souvent sous-estim\u00e9, voire n\u00e9glig\u00e9, par les conducteurs. Des \u00e9tudes ont r\u00e9v\u00e9l\u00e9 que la fatigue au volant est \u00e0 l\u2019origine de 35% des sinistres constat\u00e9s en Alg\u00e9rie. Tous les conducteurs sont concern\u00e9s par la fatigue au volant, quel que soit leur \u00e2ge et le trajet effectu\u00e9.<\/span><\/p>\n<p class=\"p4\"><span class=\"s4\">C\u2019est pourquoi, la s\u00fbret\u00e9 de wilaya de Mostaganem a men\u00e9 une campagne de sensibilisation et d\u2019information sur ce probl\u00e8me \u00e0 l\u2019occasion du mois de Ramadhan, intitul\u00e9e : <em>\u00abEnsemble pour un Ramadhan sans accidents\u00bb<\/em> afin d\u2019encourager les automobilistes \u00e0 faire des pauses r\u00e9guli\u00e8rement. En plus des prospectus d\u2019information distribu\u00e9s, d\u2019autres conseils ont \u00e9t\u00e9 prodigu\u00e9s par la police aux automobilistes au niveau des barrages de contr\u00f4le routier et des stations de transport de voyageurs.<\/span><\/p>\n<p class=\"p4\"><span class=\"s4\">L\u2019officier, Bachir Belkacem, rappelle aux conducteurs que conduire sous l\u2019effet de la fatigue diminue consid\u00e9rablement le jugement, les r\u00e9flexes, au m\u00eame titre que la drogue et l\u2019alcool. Il a conscientis\u00e9 les conducteurs aux dangers et aux cons\u00e9quences de la fatigue au volant, qui constitue \u00e9galement une cause importante des d\u00e9c\u00e8s sur les routes, en expliquant aussi les risques et les dangers encourus en cas de non- respect des r\u00e8gles \u00e9l\u00e9mentaires, l\u2019impact du je\u00fbne sur le comportement et les r\u00e9flexes du conducteur.<\/span><\/p>\n<p class=\"p4\"><span class=\"s4\"><em>\u00abQuand on sent la fatigue arriver (raideurs de la nuque et des \u00e9paules, douleurs dans le dos, b\u00e2illement, yeux qui piquent\u2026), une seule solution : s\u2019arr\u00eater et se reposer !\u00bb<\/em> conseille l\u2019officier Belkacem aux conducteurs. <\/span><\/p>\n<div class=\"yuzo_related_post style-1\" data-version=\"5.12.88\">\n<p><h3>Related Post<\/h3>\n<\/p>\n<div class=\"yuzo_wraps\">\n<div class=\"relatedthumb relatedpost-560504 c11\"><a href=\"https:\/\/www.elwatan.com\/edition\/actualite\/le-proces-danciens-chefs-de-surete-souvre-a-mostaganem-26-02-2019\"\/><\/p>\n<p><span class=\"yuzo__text--title c10\">Le proc\u00e8s d\u2019anciens chefs de s\u00fbret\u00e9 s\u2019ouvre \u00e0 Most&#8230;<\/span><\/div>\n<div class=\"relatedthumb relatedpost-570724 c11\"><a href=\"https:\/\/www.elwatan.com\/edition\/actualite\/khenchela-les-artistes-pour-un-vrai-changement-19-04-2019\"\/><\/p>\n<p><span class=\"yuzo__text--title c10\">Khenchela : les artistes pour un vrai changement<\/span><\/div>\n<div class=\"relatedthumb relatedpost-553652 c11\"><a href=\"https:\/\/www.elwatan.com\/pages-hebdo\/magazine\/histoire-exheredation-de-la-femme-et-zaouias-verites-et-contreverites-17-01-2019\"\/><\/p>\n<p><span class=\"yuzo__text--title c10\">Histoire, exh\u00e9r\u00e9dation de la femme et zaou\u00efas : V\u00e9&#8230;<\/span><\/div>\n<div class=\"relatedthumb relatedpost-154922 c11\"><a href=\"https:\/\/www.elwatan.com\/edition\/international\/la-querelle-au-sein-de-nidaatounes-sinvite-au-palais-11-10-2018\"\/><\/p>\n<p><span class=\"yuzo__text--title c10\">La querelle au sein de Nidaa Tounes s\u2019invite au pa&#8230;<\/span><\/div>\n<\/div>\n<\/div>\n<p><span class=\"post-views-label\">Post Views:<\/span> <span class=\"post-views-count\">37<\/span><\/p>\n<p>Auteur: Anis Khecheba<br \/>\n<a href=\"https:\/\/www.elwatan.com\/regions\/ouest\/mostaganem\/mostaganem-une-campagne-de-prevention-contre-la-fatigue-au-volant-22-05-2019\">Cliquez ici pour lire l&rsquo;article depuis sa source.<\/a><\/p>\n","protected":false},"excerpt":{"rendered":"<p>Des \u00e9tudes ont r\u00e9v\u00e9l\u00e9 que la fatigue au volant est \u00e0 l\u2019origine de 35% des sinistres enregistr\u00e9s en Alg\u00e9rie. Si le r\u00f4le de l\u2019alcool, des drogues ou de la vitesse dans la gen\u00e8se des accidents de la route est aujourd\u2019hui reconnu et admis, le danger li\u00e9 \u00e0 la fatigue au volant est souvent sous-estim\u00e9, voire [&hellip;]<\/p>\n","protected":false},"author":1743,"featured_media":35995,"comment_status":"closed","ping_status":"closed","sticky":false,"template":"","format":"standard","meta":{"fifu_image_url":"","fifu_image_alt":"","footnotes":""},"categories":[73,53],"tags":[],"class_list":["post-35994","post","type-post","status-publish","format-standard","has-post-thumbnail","hentry","category-actualite","category-algerie"],"_links":{"self":[{"href":"https:\/\/linitiative.ca\/International\/wp-json\/wp\/v2\/posts\/35994","targetHints":{"allow":["GET"]}}],"collection":[{"href":"https:\/\/linitiative.ca\/International\/wp-json\/wp\/v2\/posts"}],"about":[{"href":"https:\/\/linitiative.ca\/International\/wp-json\/wp\/v2\/types\/post"}],"author":[{"embeddable":true,"href":"https:\/\/linitiative.ca\/International\/wp-json\/wp\/v2\/users\/1743"}],"replies":[{"embeddable":true,"href":"https:\/\/linitiative.ca\/International\/wp-json\/wp\/v2\/comments?post=35994"}],"version-history":[{"count":0,"href":"https:\/\/linitiative.ca\/International\/wp-json\/wp\/v2\/posts\/35994\/revisions"}],"wp:featuredmedia":[{"embeddable":true,"href":"https:\/\/linitiative.ca\/International\/wp-json\/"}],"wp:attachment":[{"href":"https:\/\/linitiative.ca\/International\/wp-json\/wp\/v2\/media?parent=35994"}],"wp:term":[{"taxonomy":"category","embeddable":true,"href":"https:\/\/linitiative.ca\/International\/wp-json\/wp\/v2\/categories?post=35994"},{"taxonomy":"post_tag","embeddable":true,"href":"https:\/\/linitiative.ca\/International\/wp-json\/wp\/v2\/tags?post=35994"}],"curies":[{"name":"wp","href":"https:\/\/api.w.org\/{rel}","templated":true}]}}