{"id":36001,"date":"2019-05-22T07:06:00","date_gmt":"2019-05-22T11:06:00","guid":{"rendered":"https:\/\/linitiative.ca\/International\/un-jardin-botanique-fruitier-a-lariana-photos\/"},"modified":"2019-05-22T07:06:00","modified_gmt":"2019-05-22T11:06:00","slug":"un-jardin-botanique-fruitier-a-lariana-photos","status":"publish","type":"post","link":"https:\/\/linitiative.ca\/International\/un-jardin-botanique-fruitier-a-lariana-photos\/","title":{"rendered":"Un Jardin botanique fruitier \u00e0 l\u2019Ariana (Photos)"},"content":{"rendered":"<p>Lors de sa s\u00e9ance du 18 Mai, Le conseil municipal de l&rsquo;Ariana a vot\u00e9 la cr\u00e9ation d\u2019un Jardin Botanique Fruiter, le premier du genre en Tunisie, dans une tentative de r\u00e9insertion de la nature dans la ville et ce dans le cadre de sa politique de d\u00e9veloppement durable. Par ailleurs, ce jardin botanique aidera \u00e0 la sensibilisation et \u00e0 l&rsquo;\u00e9ducation des jeunes citadins \u00e0 l&rsquo;environnement.<\/p>\n<p>N\u00e9 de la collaboration avec l\u2019Ambassade de l\u2019Inde,se situant \u00e0 cit\u00e9 Ennasr,ce Jardin portera le nom de l\u2019Illustre Gandhi dans sa d\u00e9nomination Riadh Gandhi.<\/p>\n<p>Il abritera diff\u00e9rentes vari\u00e9t\u00e9s d\u2019arbres \u00e0 l\u2019instar des oliviers, amandiers, figuiers, n\u00e9flier\u2026 arbres qui jadis avaient \u00e9t\u00e9 d\u00e9racin\u00e9s au profit du b\u00e9ton et de l\u2019expansion de la ville.Le boisement a d\u00e9but\u00e9 le mardi 21 Mai 2019 et se poursuivra le long des saisons propices aux plantations.<\/p>\n<p>A terme les 1874 m2 de superficie du jardin sis Avenue Elouroud \u00e0 Ennasr 1 seront bois\u00e9s avec 145 \u00e0 150 arbres.<br \/>\u00a0<\/p>\n<p>Auteur:<br \/>\n<a href=\"https:\/\/www.leaders.com.tn\/article\/27155-un-jardin-botanique-fruitier-a-l-ariana\">Cliquez ici pour lire l&rsquo;article depuis sa source.<\/a><\/p>\n","protected":false},"excerpt":{"rendered":"<p>Lors de sa s\u00e9ance du 18 Mai, Le conseil municipal de l&rsquo;Ariana a vot\u00e9 la cr\u00e9ation d\u2019un Jardin Botanique Fruiter, le premier du genre en Tunisie, dans une tentative de r\u00e9insertion de la nature dans la ville et ce dans le cadre de sa politique de d\u00e9veloppement durable. Par ailleurs, ce jardin botanique aidera \u00e0 [&hellip;]<\/p>\n","protected":false},"author":1772,"featured_media":0,"comment_status":"closed","ping_status":"closed","sticky":false,"template":"","format":"standard","meta":{"fifu_image_url":"","fifu_image_alt":"","footnotes":""},"categories":[73,55],"tags":[],"class_list":["post-36001","post","type-post","status-publish","format-standard","hentry","category-actualite","category-tunisie"],"_links":{"self":[{"href":"https:\/\/linitiative.ca\/International\/wp-json\/wp\/v2\/posts\/36001","targetHints":{"allow":["GET"]}}],"collection":[{"href":"https:\/\/linitiative.ca\/International\/wp-json\/wp\/v2\/posts"}],"about":[{"href":"https:\/\/linitiative.ca\/International\/wp-json\/wp\/v2\/types\/post"}],"author":[{"embeddable":true,"href":"https:\/\/linitiative.ca\/International\/wp-json\/wp\/v2\/users\/1772"}],"replies":[{"embeddable":true,"href":"https:\/\/linitiative.ca\/International\/wp-json\/wp\/v2\/comments?post=36001"}],"version-history":[{"count":0,"href":"https:\/\/linitiative.ca\/International\/wp-json\/wp\/v2\/posts\/36001\/revisions"}],"wp:attachment":[{"href":"https:\/\/linitiative.ca\/International\/wp-json\/wp\/v2\/media?parent=36001"}],"wp:term":[{"taxonomy":"category","embeddable":true,"href":"https:\/\/linitiative.ca\/International\/wp-json\/wp\/v2\/categories?post=36001"},{"taxonomy":"post_tag","embeddable":true,"href":"https:\/\/linitiative.ca\/International\/wp-json\/wp\/v2\/tags?post=36001"}],"curies":[{"name":"wp","href":"https:\/\/api.w.org\/{rel}","templated":true}]}}