{"id":36018,"date":"2019-05-22T11:24:51","date_gmt":"2019-05-22T15:24:51","guid":{"rendered":"https:\/\/linitiative.ca\/International\/le-forum-daffaires-maroc-france-en-octobre-a-dakhla\/"},"modified":"2019-05-22T11:24:51","modified_gmt":"2019-05-22T15:24:51","slug":"le-forum-daffaires-maroc-france-en-octobre-a-dakhla","status":"publish","type":"post","link":"https:\/\/linitiative.ca\/International\/le-forum-daffaires-maroc-france-en-octobre-a-dakhla\/","title":{"rendered":"Le Forum d\u2019affaires Maroc-France en octobre \u00e0 Dakhla"},"content":{"rendered":"<p>Les travaux du Forum d\u2019affaires Maroc-France, organis\u00e9 sous le Haut patronage du Roi Mohammed VI, par le minist\u00e8re de l\u2019Industrie, de l\u2019Investissement, du Commerce et de l\u2019Economie num\u00e9rique, lance la nouvelle \u00e9dition du\u00a0<strong>Forum d\u2019Affaires Maroc-France<\/strong> \u00e0 Dakhla du 23 au 25 octobre<strong>,<\/strong> apr\u00e8s le franc succ\u00e8s des pr\u00e9c\u00e9dentes \u00e9ditions du Forum de Partenariat Maroc-France \u00e0 La\u00e2youne, Casablanca et Paris.<\/p>\n<div class=\"c10\"\/>\n<p>Ce forum de deux jours vise \u00e0 cr\u00e9er un espace de rencontre efficace, dynamique et riche en contenu avec une approche gagnant-gagnant entre les op\u00e9rateurs \u00e9conomiques marocains et fran\u00e7ais, valoriser le potentiel de la r\u00e9gion de Dakhla<em>\u2013<\/em>Oued Ed-Dahab, et \u00e0 pr\u00e9senter les opportunit\u00e9s d\u2019investissements qu\u2019elle rec\u00e8le aux investisseurs afin de les aider \u00e0 optimiser leur d\u00e9veloppement dans la r\u00e9gion.<\/p>\n<p>Ainsi, l\u2019organisation de ce forum aura un impact certain sur le rayonnement de la r\u00e9gion <strong>Dakhla-Oued Ed-Dahab<\/strong> et constituera, de ce fait, une \u00e9tape nouvelle dans son repositionnement \u00e9conomique et dans la recherche d\u2019opportunit\u00e9s d\u2019affaires avec les pays partenaires du Maroc.<\/p>\n<div class=\"c17\">\n<fieldset class=\"c16\">\n<legend><strong><span class=\"c11\">Challenge<\/span><span class=\"c12\">news<\/span><\/strong><\/legend>\n<div class=\"c15\">Le meilleur de la r\u00e9daction s\u00e9lectionn\u00e9 par Challenge :<\/p>\n<\/div>\n<\/fieldset>\n<\/div>\n<p>Auteur: Hajar DARI<br \/>\n<a href=\"https:\/\/www.challenge.ma\/le-forum-daffaires-maroc-france-en-octobre-a-dakhla-109441\/\">Cliquez ici pour lire l&rsquo;article depuis sa source.<\/a><\/p>\n","protected":false},"excerpt":{"rendered":"<p>Les travaux du Forum d\u2019affaires Maroc-France, organis\u00e9 sous le Haut patronage du Roi Mohammed VI, par le minist\u00e8re de l\u2019Industrie, de l\u2019Investissement, du Commerce et de l\u2019Economie num\u00e9rique, lance la nouvelle \u00e9dition du\u00a0Forum d\u2019Affaires Maroc-France \u00e0 Dakhla du 23 au 25 octobre, apr\u00e8s le franc succ\u00e8s des pr\u00e9c\u00e9dentes \u00e9ditions du Forum de Partenariat Maroc-France \u00e0 [&hellip;]<\/p>\n","protected":false},"author":1787,"featured_media":0,"comment_status":"closed","ping_status":"closed","sticky":false,"template":"","format":"standard","meta":{"fifu_image_url":"","fifu_image_alt":"","footnotes":""},"categories":[78,54],"tags":[],"class_list":["post-36018","post","type-post","status-publish","format-standard","hentry","category-economie","category-maroc"],"_links":{"self":[{"href":"https:\/\/linitiative.ca\/International\/wp-json\/wp\/v2\/posts\/36018","targetHints":{"allow":["GET"]}}],"collection":[{"href":"https:\/\/linitiative.ca\/International\/wp-json\/wp\/v2\/posts"}],"about":[{"href":"https:\/\/linitiative.ca\/International\/wp-json\/wp\/v2\/types\/post"}],"author":[{"embeddable":true,"href":"https:\/\/linitiative.ca\/International\/wp-json\/wp\/v2\/users\/1787"}],"replies":[{"embeddable":true,"href":"https:\/\/linitiative.ca\/International\/wp-json\/wp\/v2\/comments?post=36018"}],"version-history":[{"count":0,"href":"https:\/\/linitiative.ca\/International\/wp-json\/wp\/v2\/posts\/36018\/revisions"}],"wp:attachment":[{"href":"https:\/\/linitiative.ca\/International\/wp-json\/wp\/v2\/media?parent=36018"}],"wp:term":[{"taxonomy":"category","embeddable":true,"href":"https:\/\/linitiative.ca\/International\/wp-json\/wp\/v2\/categories?post=36018"},{"taxonomy":"post_tag","embeddable":true,"href":"https:\/\/linitiative.ca\/International\/wp-json\/wp\/v2\/tags?post=36018"}],"curies":[{"name":"wp","href":"https:\/\/api.w.org\/{rel}","templated":true}]}}