{"id":36036,"date":"2019-05-22T15:30:59","date_gmt":"2019-05-22T19:30:59","guid":{"rendered":"https:\/\/linitiative.ca\/International\/libye-haftar-a-macron-pas-question-de-cessez-le-feu-dans-letat-actuel\/"},"modified":"2019-05-22T15:30:59","modified_gmt":"2019-05-22T19:30:59","slug":"libye-haftar-a-macron-pas-question-de-cessez-le-feu-dans-letat-actuel","status":"publish","type":"post","link":"https:\/\/linitiative.ca\/International\/libye-haftar-a-macron-pas-question-de-cessez-le-feu-dans-letat-actuel\/","title":{"rendered":"Libye\u00a0: Haftar \u00e0 Macron\u00a0: Pas question de cessez le feu dans l\u2019\u00e9tat actuel"},"content":{"rendered":"<div class=\"post-cont-in left relative\">\n<p>Le g\u00e9n\u00e9ral Khalifa Haftar, chef de l\u2019arm\u00e9e libyenne, a r\u00e9pondu ce mercredi, \u00e0 la demande du pr\u00e9sident Macron qu\u2019il a rencontr\u00e9 \u00e0 l\u2019Elys\u00e9e, que les conditions actuelles ne permettaient pas un cessez le feu en Libye. Il a ajout\u00e9 qu\u2019il est, tout de m\u00eame, pr\u00eat \u00e0 entamer des discussions en vue d\u2019une issue politique, quand les conditions seront favorables au cessez le feu.<\/p>\n<div class=\"mvp-org-wrap mvp-org-logo\" itemprop=\"publisher\" itemscope=\"\" itemtype=\"https:\/\/schema.org\/Organization\"><img decoding=\"async\" src=\"https:\/\/www.tunisienumerique.com\/wp-content\/uploads\/2017\/02\/logo_tunisie_numerique.png\"\/><\/div>\n<div class=\"mvp-related-posts left relative\">\n<h4 class=\"post-header\"><span class=\"post-header\">Lire aussi<\/span><\/h4>\n<\/div>\n<\/div>\n<p>Auteur: LM<br \/>\n<a href=\"https:\/\/www.tunisienumerique.com\/libye-haftar-a-macron-pas-question-de-cessez-le-feu-dans-letat-actuel\/\">Cliquez ici pour lire l&rsquo;article depuis sa source.<\/a><\/p>\n","protected":false},"excerpt":{"rendered":"<p>Le g\u00e9n\u00e9ral Khalifa Haftar, chef de l\u2019arm\u00e9e libyenne, a r\u00e9pondu ce mercredi, \u00e0 la demande du pr\u00e9sident Macron qu\u2019il a rencontr\u00e9 \u00e0 l\u2019Elys\u00e9e, que les conditions actuelles ne permettaient pas un cessez le feu en Libye. Il a ajout\u00e9 qu\u2019il est, tout de m\u00eame, pr\u00eat \u00e0 entamer des discussions en vue d\u2019une issue politique, quand [&hellip;]<\/p>\n","protected":false},"author":1789,"featured_media":36037,"comment_status":"closed","ping_status":"closed","sticky":false,"template":"","format":"standard","meta":{"fifu_image_url":"","fifu_image_alt":"","footnotes":""},"categories":[73,55],"tags":[],"class_list":["post-36036","post","type-post","status-publish","format-standard","has-post-thumbnail","hentry","category-actualite","category-tunisie"],"_links":{"self":[{"href":"https:\/\/linitiative.ca\/International\/wp-json\/wp\/v2\/posts\/36036","targetHints":{"allow":["GET"]}}],"collection":[{"href":"https:\/\/linitiative.ca\/International\/wp-json\/wp\/v2\/posts"}],"about":[{"href":"https:\/\/linitiative.ca\/International\/wp-json\/wp\/v2\/types\/post"}],"author":[{"embeddable":true,"href":"https:\/\/linitiative.ca\/International\/wp-json\/wp\/v2\/users\/1789"}],"replies":[{"embeddable":true,"href":"https:\/\/linitiative.ca\/International\/wp-json\/wp\/v2\/comments?post=36036"}],"version-history":[{"count":0,"href":"https:\/\/linitiative.ca\/International\/wp-json\/wp\/v2\/posts\/36036\/revisions"}],"wp:featuredmedia":[{"embeddable":true,"href":"https:\/\/linitiative.ca\/International\/wp-json\/"}],"wp:attachment":[{"href":"https:\/\/linitiative.ca\/International\/wp-json\/wp\/v2\/media?parent=36036"}],"wp:term":[{"taxonomy":"category","embeddable":true,"href":"https:\/\/linitiative.ca\/International\/wp-json\/wp\/v2\/categories?post=36036"},{"taxonomy":"post_tag","embeddable":true,"href":"https:\/\/linitiative.ca\/International\/wp-json\/wp\/v2\/tags?post=36036"}],"curies":[{"name":"wp","href":"https:\/\/api.w.org\/{rel}","templated":true}]}}