{"id":36050,"date":"2019-05-22T16:18:05","date_gmt":"2019-05-22T20:18:05","guid":{"rendered":"https:\/\/linitiative.ca\/International\/lopposant-moise-katumbi-pret-a-rencontrer-le-president-tshisekedi\/"},"modified":"2019-05-22T16:18:05","modified_gmt":"2019-05-22T20:18:05","slug":"lopposant-moise-katumbi-pret-a-rencontrer-le-president-tshisekedi","status":"publish","type":"post","link":"https:\/\/linitiative.ca\/International\/lopposant-moise-katumbi-pret-a-rencontrer-le-president-tshisekedi\/","title":{"rendered":"L\u2019opposant Mo\u00efse Katumbi pr\u00eat \u00e0 rencontrer le pr\u00e9sident Tshisekedi"},"content":{"rendered":"<div readability=\"32\">\n<p>Publi\u00e9 le 22.05.2019 \u00e0 21h18 par APA News<\/p>\n<\/div>\n<div readability=\"52\">\n<p>L\u2019opposant Mo\u00efse Katumbi Chapwe, rent\u00e9 le 20 mai 2019 au pays via Lubumbashi au terme d\u2019un exil de trois, a d\u00e9clar\u00e9, mercredi au cours d\u2019une conf\u00e9rence de presse dans le chef-lieu du Haut Katanga, pr\u00eat \u00e0 descendre \u00e0 Kinshasa et \u00e0 y rencontrer le pr\u00e9sident F\u00e9lix Tshisekedi qu\u2019il a qualifi\u00e9 de \u00ab fr\u00e8re \u00bb.Mo\u00efse Katumbi qui veut diriger une \u00ab opposition r\u00e9publicaine et exigeante \u00bb n\u2019a cependant pas pr\u00e9cis\u00e9 la date de son arriv\u00e9e dans la capitale ni celle du d\u00e9but de la tourn\u00e9e qu\u2019il compte effectuer \u00e0 travers toutes les provinces de la RD Congo.<\/p>\n<p>L\u2019ancien gouverneur du Katanga (2007-2015) a, par ailleurs, pr\u00e9cis\u00e9 qu\u2019il ne fera pas partie du gouvernement, pr\u00e9f\u00e9rant se positionner dans l\u2019opposition r\u00e9publicaine.<\/p>\n<p>Mo\u00efse Katumbi qui n\u2019avait pas pu se pr\u00e9senter \u00e0 la pr\u00e9sidentielle du 30 d\u00e9cembre 2018 avait soutenu la candidature de Martin Fayulu, arriv\u00e9 deuxi\u00e8me derri\u00e8re le pr\u00e9sident \u00e9lu F\u00e9lix Tshisekedi, selon les r\u00e9sultats proclam\u00e9s par la Commission \u00e9lectorale nationale ind\u00e9pendante (CENI) et confirm\u00e9s par la Cour constitutionnelle.<\/p>\n<\/div>\n<p>Auteur: APA News<br \/>\n<a href=\"https:\/\/www.journalducameroun.com\/lopposant-moise-katumbi-pret-a-rencontrer-le-president-tshisekedi\/\">Cliquez ici pour lire l&rsquo;article depuis sa source.<\/a><\/p>\n","protected":false},"excerpt":{"rendered":"<p>Publi\u00e9 le 22.05.2019 \u00e0 21h18 par APA News L\u2019opposant Mo\u00efse Katumbi Chapwe, rent\u00e9 le 20 mai 2019 au pays via Lubumbashi au terme d\u2019un exil de trois, a d\u00e9clar\u00e9, mercredi au cours d\u2019une conf\u00e9rence de presse dans le chef-lieu du Haut Katanga, pr\u00eat \u00e0 descendre \u00e0 Kinshasa et \u00e0 y rencontrer le pr\u00e9sident F\u00e9lix Tshisekedi [&hellip;]<\/p>\n","protected":false},"author":1965,"featured_media":0,"comment_status":"closed","ping_status":"closed","sticky":false,"template":"","format":"standard","meta":{"fifu_image_url":"","fifu_image_alt":"","footnotes":""},"categories":[73,82],"tags":[],"class_list":["post-36050","post","type-post","status-publish","format-standard","hentry","category-actualite","category-cameroun"],"_links":{"self":[{"href":"https:\/\/linitiative.ca\/International\/wp-json\/wp\/v2\/posts\/36050","targetHints":{"allow":["GET"]}}],"collection":[{"href":"https:\/\/linitiative.ca\/International\/wp-json\/wp\/v2\/posts"}],"about":[{"href":"https:\/\/linitiative.ca\/International\/wp-json\/wp\/v2\/types\/post"}],"author":[{"embeddable":true,"href":"https:\/\/linitiative.ca\/International\/wp-json\/wp\/v2\/users\/1965"}],"replies":[{"embeddable":true,"href":"https:\/\/linitiative.ca\/International\/wp-json\/wp\/v2\/comments?post=36050"}],"version-history":[{"count":0,"href":"https:\/\/linitiative.ca\/International\/wp-json\/wp\/v2\/posts\/36050\/revisions"}],"wp:attachment":[{"href":"https:\/\/linitiative.ca\/International\/wp-json\/wp\/v2\/media?parent=36050"}],"wp:term":[{"taxonomy":"category","embeddable":true,"href":"https:\/\/linitiative.ca\/International\/wp-json\/wp\/v2\/categories?post=36050"},{"taxonomy":"post_tag","embeddable":true,"href":"https:\/\/linitiative.ca\/International\/wp-json\/wp\/v2\/tags?post=36050"}],"curies":[{"name":"wp","href":"https:\/\/api.w.org\/{rel}","templated":true}]}}