{"id":36078,"date":"2019-05-22T06:48:17","date_gmt":"2019-05-22T10:48:17","guid":{"rendered":"https:\/\/linitiative.ca\/International\/agriculture-louest-et-le-nord-ouest-leaders-de-la-culture-de-la-pomme-de-terre-au-cameroun\/"},"modified":"2019-05-22T06:48:17","modified_gmt":"2019-05-22T10:48:17","slug":"agriculture-louest-et-le-nord-ouest-leaders-de-la-culture-de-la-pomme-de-terre-au-cameroun","status":"publish","type":"post","link":"https:\/\/linitiative.ca\/International\/agriculture-louest-et-le-nord-ouest-leaders-de-la-culture-de-la-pomme-de-terre-au-cameroun\/","title":{"rendered":"Agriculture : l\u2019Ouest et le Nord-Ouest, leaders de la culture de la pomme de terre au Cameroun"},"content":{"rendered":"<div class=\"featured-area featured-area-inner\"><img loading=\"lazy\" decoding=\"async\" width=\"650\" height=\"405\" src=\"https:\/\/i1.wp.com\/ecomatin.net\/wp-content\/uploads\/2019\/05\/ecomatin.net-agriculture-louest-et-le-nord-ouest-leaders-de-la-culture-de-la-pomme-de-terre-au-cameroun-pommes-de-terre.jpg?resize=650%2C405&#038;ssl=1&#038;is-pending-load=1\" class=\"attachment-jannah-image-post size-jannah-image-post wp-post-image jetpack-lazy-image\" alt=\"\" data-attachment-id=\"8371\" data-permalink=\"https:\/\/ecomatin.net\/agriculture-louest-et-le-nord-ouest-leaders-de-la-culture-de-la-pomme-de-terre-au-cameroun\/pommes-de-terre\/\" data-orig-file=\"https:\/\/i1.wp.com\/ecomatin.net\/wp-content\/uploads\/2019\/05\/ecomatin.net-agriculture-louest-et-le-nord-ouest-leaders-de-la-culture-de-la-pomme-de-terre-au-cameroun-pommes-de-terre.jpg?fit=650%2C461&#038;ssl=1\" data-orig-size=\"650,461\" data-comments-opened=\"0\" data-image-meta=\"{\"aperture\":\"0\",\"credit\":\"\",\"camera\":\"\",\"caption\":\"\",\"created_timestamp\":\"0\",\"copyright\":\"\",\"focal_length\":\"0\",\"iso\":\"0\",\"shutter_speed\":\"0\",\"title\":\"\",\"orientation\":\"0\"}\" data-image-title=\"Pommes de terre\" data-image-description=\"\" data-medium-file=\"https:\/\/i1.wp.com\/ecomatin.net\/wp-content\/uploads\/2019\/05\/ecomatin.net-agriculture-louest-et-le-nord-ouest-leaders-de-la-culture-de-la-pomme-de-terre-au-cameroun-pommes-de-terre.jpg?fit=300%2C213&#038;ssl=1\" data-large-file=\"https:\/\/i1.wp.com\/ecomatin.net\/wp-content\/uploads\/2019\/05\/ecomatin.net-agriculture-louest-et-le-nord-ouest-leaders-de-la-culture-de-la-pomme-de-terre-au-cameroun-pommes-de-terre.jpg?fit=650%2C461&#038;ssl=1\" srcset=\"data:image\/gif;base64,R0lGODlhAQABAIAAAAAAAP\/\/\/yH5BAEAAAAALAAAAAABAAEAAAIBRAA7\"\/><\/div>\n<div class=\"entry-content entry clearfix\" readability=\"69\">\n<p>\u00ab<em>Le projet centres d\u2019innovations pour le secteur agro-alimentaire\u00a0<\/em>\u00bb, \u00a0composante de l\u2019initiative \u00ab\u00a0<em>un seul monde sans faim<\/em>\u00a0\u00bb impl\u00e9ment\u00e9 par le minist\u00e8re allemand de la Coop\u00e9ration et du D\u00e9veloppement \u00e9conomique vient de rendre public les donn\u00e9es de la production annuelle de la pomme de la terre au Cameroun.Selon les donn\u00e9es fournies, les r\u00e9gions de l\u2019Ouest et du Nord-Ouest r\u00e9unissent <strong>80%<\/strong> de la production annuelle, suivi de l\u2019Adamaoua dans le Septentrion, 3<sup>\u00e8me<\/sup> r\u00e9gion productrice de cette denr\u00e9e alimentaire.<\/p>\n<p>Officiellement, la production de la pomme de terre\u00a0 se situe entre <strong>220\u2009000<\/strong> et <strong>400\u2009000 tonnes<\/strong> depuis 10 ans, selon la cl\u00e9mence du climat. Elle est largement en dessous de la demande nationale, qui atteint souvent un million de tonnes par an. De l\u2019avis des experts, le d\u00e9ficit est li\u00e9 au difficile acc\u00e8s aux semences et l\u2019utilisation de semences traditionnelles. Leurs rendements sont tr\u00e8s faibles (<strong>7 \u00e0 13 tonne<\/strong>s \u00e0 l\u2019hectare) alors que certaines semences am\u00e9lior\u00e9es atteignent <strong>20 \u00e0 40 tonnes<\/strong> \u00e0 l\u2019hectare.<\/p>\n<p>Pour une nette am\u00e9lioration, le Projet centres d\u2019innovations vertes pour le secteur agro-alimentaire pr\u00e9voit la mise en place de fermes pour la multiplication de semences am\u00e9lior\u00e9es. L\u2019objectif de ces fermes est de satisfaire un besoin annuel de semences de pomme de terre, estim\u00e9 \u00e0 <strong>2,4 millions de tonnes<\/strong> par le minist\u00e8re de l\u2019Agriculture.<\/p>\n<p>Tout \u00e0 c\u00f4t\u00e9, \u00a0l\u2019Etat \u00e0 travers le minist\u00e8re de l\u2019Economie, multiplie des agropoles afin de booster la production. Le cas de l\u2019Agropole de multiplication des semences, de production de la pomme de terre \u00e0 Mbouda, \u00e0 l\u2019Ouest. Depuis sa cr\u00e9ation en ao\u00fbt 2016, elle produit plus de <strong>50 000 tonnes<\/strong> par an. Pass\u00e9e l\u2019\u00e9tape de la production, l\u2019Etat envisage transformer surplace, tandis que l\u2019autre partie sera commercialis\u00e9e dans les grandes m\u00e9tropoles du Cameroun, voire dans les pays voisins.<\/p>\n<div class=\"about-author about-author-box container-wrapper\">\n<div class=\"author-avatar\">\n<p><img decoding=\"async\" src=\"http:\/\/\" alt=\"\"\/><\/p>\n<\/div>\n<p><h4>La R\u00e9daction EcoMatin<\/h4>\n<\/p>\n<\/div>\n<div class=\"awac-wrapper awac widget blog_subscription-2\">\n<h4 class=\"widget-title\">Abonnez-vous \u00e0 notre lettre d&rsquo;information<\/h4>\n<\/div>\n<\/div>\n<div class=\"toggle-post-content clearfix\"><a id=\"toggle-post-button\" class=\"button\" href=\"#\">Afficher plus <\/a><\/div>\n<p>Auteur: EcoMatin<br \/>\n<a href=\"https:\/\/ecomatin.net\/agriculture-louest-et-le-nord-ouest-leaders-de-la-culture-de-la-pomme-de-terre-au-cameroun\/\">Cliquez ici pour lire l&rsquo;article depuis sa source.<\/a><\/p>\n","protected":false},"excerpt":{"rendered":"<p>\u00abLe projet centres d\u2019innovations pour le secteur agro-alimentaire\u00a0\u00bb, \u00a0composante de l\u2019initiative \u00ab\u00a0un seul monde sans faim\u00a0\u00bb impl\u00e9ment\u00e9 par le minist\u00e8re allemand de la Coop\u00e9ration et du D\u00e9veloppement \u00e9conomique vient de rendre public les donn\u00e9es de la production annuelle de la pomme de la terre au Cameroun.Selon les donn\u00e9es fournies, les r\u00e9gions de l\u2019Ouest et du [&hellip;]<\/p>\n","protected":false},"author":1969,"featured_media":0,"comment_status":"closed","ping_status":"closed","sticky":false,"template":"","format":"standard","meta":{"fifu_image_url":"","fifu_image_alt":"","footnotes":""},"categories":[82,78],"tags":[],"class_list":["post-36078","post","type-post","status-publish","format-standard","hentry","category-cameroun","category-economie"],"_links":{"self":[{"href":"https:\/\/linitiative.ca\/International\/wp-json\/wp\/v2\/posts\/36078","targetHints":{"allow":["GET"]}}],"collection":[{"href":"https:\/\/linitiative.ca\/International\/wp-json\/wp\/v2\/posts"}],"about":[{"href":"https:\/\/linitiative.ca\/International\/wp-json\/wp\/v2\/types\/post"}],"author":[{"embeddable":true,"href":"https:\/\/linitiative.ca\/International\/wp-json\/wp\/v2\/users\/1969"}],"replies":[{"embeddable":true,"href":"https:\/\/linitiative.ca\/International\/wp-json\/wp\/v2\/comments?post=36078"}],"version-history":[{"count":0,"href":"https:\/\/linitiative.ca\/International\/wp-json\/wp\/v2\/posts\/36078\/revisions"}],"wp:attachment":[{"href":"https:\/\/linitiative.ca\/International\/wp-json\/wp\/v2\/media?parent=36078"}],"wp:term":[{"taxonomy":"category","embeddable":true,"href":"https:\/\/linitiative.ca\/International\/wp-json\/wp\/v2\/categories?post=36078"},{"taxonomy":"post_tag","embeddable":true,"href":"https:\/\/linitiative.ca\/International\/wp-json\/wp\/v2\/tags?post=36078"}],"curies":[{"name":"wp","href":"https:\/\/api.w.org\/{rel}","templated":true}]}}