{"id":36094,"date":"2019-05-23T10:30:05","date_gmt":"2019-05-23T14:30:05","guid":{"rendered":"https:\/\/linitiative.ca\/International\/25eme-festival-de-fes-des-musiques-sacrees-du-monde-un-long-periple-musical-de-cuba-a-lazerbaidjan\/"},"modified":"2019-05-23T10:30:05","modified_gmt":"2019-05-23T14:30:05","slug":"25eme-festival-de-fes-des-musiques-sacrees-du-monde-un-long-periple-musical-de-cuba-a-lazerbaidjan","status":"publish","type":"post","link":"https:\/\/linitiative.ca\/International\/25eme-festival-de-fes-des-musiques-sacrees-du-monde-un-long-periple-musical-de-cuba-a-lazerbaidjan\/","title":{"rendered":"25\u00e8me Festival de F\u00e8s des musiques sacr\u00e9es du monde : Un long p\u00e9riple musical de Cuba \u00e0 l\u2019Azerba\u00efdjan"},"content":{"rendered":"<p><img decoding=\"async\" class=\"post_layout_5_img\" src=\"http:\/\/aujourdhui.ma\/wp-content\/uploads\/2019\/05\/Festival-de-Fe%CC%80s-des-musiques-sacre%CC%81es-du-monde-Marcel-Khalife%CC%81-sami-yusuf.jpg?x29840\" alt=\"25\u00e8me Festival de F\u00e8s des musiques sacr\u00e9es du monde : Un long p\u00e9riple musical de Cuba \u00e0 l\u2019Azerba\u00efdjan\"\/><\/p>\n<p class=\"p1\"><span class=\"c4\"><span class=\"s1\"><strong>L\u2019incontournable Marcel Khalif\u00e9 se produira le\u00a0<\/strong><\/span><span class=\"s1\"><strong>16 juin en soir\u00e9e en compagnie d\u2019un grand orchestre. Il y performera les chansons arabes qu\u2019il a l\u2019habitude d\u2019interpr\u00e9ter avec virtuosit\u00e9 au oud.<\/strong><\/span><\/span><span id=\"more-311776\"\/><\/p>\n<p class=\"p1\"><span class=\"s1\">On conna\u00eet d\u00e9sormais les nationalit\u00e9s des artistes qui prendront part au 25\u00e8me Festival de F\u00e8s des musiques sacr\u00e9es du monde qui se tiendra du 14 au 22 juin sous le Haut patronage de SM le Roi Mohammed VI. Cette grand-messe artistique \u00e0 caract\u00e8re spirituel, qui s\u2019articulera autour du th\u00e8me \u00abF\u00e8s, \u00e0 la confluence des cultures\u00bb, sera, selon la Fondation Esprit de F\u00e8s qui en est l\u2019initiatrice, rythm\u00e9e par des chants perses et des litanies irlandaises, en passant par la viole de gambe et les complaintes de la cornemuse Ga\u00efta entre autres. Ce sont des artistes en provenance de tous les paysages musicaux qui seront appr\u00e9ci\u00e9s par les festivaliers. <em>\u00abLes habitu\u00e9s tiennent \u00e0 \u00eatre surpris et les nouveaux venus veulent \u00eatre souffl\u00e9s\u00bb,<\/em> indiquent les initiateurs. Pour la fondation, cet effet de surprise et cet enchantement sont le double objectif vis\u00e9 \u00e0 travers la centaine d\u2019artistes rassembl\u00e9s cette ann\u00e9e. <em>\u00abNous avons donc fait en sorte de renouveler les registres musicaux tout en mettant l\u2019accent sur la vari\u00e9t\u00e9 des r\u00e9gions et pays repr\u00e9sent\u00e9s au festival\u00bb,<\/em> encha\u00eene la m\u00eame source.<\/span><\/p>\n<p class=\"p1\"><span class=\"s1\">En d\u00e9tail, le festival s\u2019ouvrira sur une cr\u00e9ation originale intitul\u00e9e \u00abF\u00e8s, m\u00e9moire du futur\u00bb en hommage \u00e0 la capitale spirituelle du Royaume. Cette \u0153uvre, con\u00e7ue par le comit\u00e9 culturel et artistique de la Fondation Esprit de F\u00e8s en collaboration \u00e9troite avec un large \u00e9ventail d\u2019artistes, mettra en sc\u00e8ne l\u2019histoire unique de la naissance de la ville imp\u00e9riale.<\/span><\/p>\n<p class=\"p1\"><span class=\"s1\">Le lendemain, le festival donnera libre cours \u00e0 plusieurs c\u00e9l\u00e9brit\u00e9s qui animeront les spectacles programm\u00e9s. Au jardin Jnan Sbil, le groupe Anuna, un ensemble vocal bas\u00e9 \u00e0 Dublin et fond\u00e9 en 1987 par le c\u00e9l\u00e8bre t\u00e9nor Michael McGlynn, r\u00e9interpr\u00e9tera les ch\u0153urs irlandais des temps anciens jusqu\u2019\u00e0 aujourd\u2019hui. En soir\u00e9e, la star Sami Yusuf illuminera la sc\u00e8ne mythique de Bab El Makina. <em>\u00abL\u2019artiste soufi se nourrit musicalement aux sources de multiples traditions lui conf\u00e9rant ainsi une capacit\u00e9 unique \u00e0 rassembler dans sa musique ceux et celles qui poursuivent la m\u00eame qu\u00eate d\u2019harmonie spirituelle \u00e0 travers le monde\u00bb,<\/em> indiquent les organisateurs \u00e0 propos du chanteur. Sur la m\u00eame sc\u00e8ne, l\u2019incontournable Marcel Khalif\u00e9 se produira le 16 juin en soir\u00e9e en compagnie d\u2019un grand orchestre. Il y performera les chansons arabes qu\u2019il a l\u2019habitude d\u2019interpr\u00e9ter avec virtuosit\u00e9 au oud.<\/span><\/p>\n<p><a href=\"http:\/\/aujourdhui.ma\/wp-content\/uploads\/2019\/05\/Festival-de-Fe%CC%80s-des-musiques-sacre%CC%81es-du-monde-1.jpg?x29840\"><img loading=\"lazy\" decoding=\"async\" class=\"size-full wp-image-311778 aligncenter\" src=\"http:\/\/aujourdhui.ma\/wp-content\/uploads\/2019\/05\/Festival-de-Fe%CC%80s-des-musiques-sacre%CC%81es-du-monde-1.jpg?x29840\" alt=\"\" width=\"746\" height=\"282\" srcset=\"http:\/\/aujourdhui.ma\/wp-content\/uploads\/2019\/05\/Festival-de-Fe\u0300s-des-musiques-sacre\u0301es-du-monde-1.jpg 746w, http:\/\/aujourdhui.ma\/wp-content\/uploads\/2019\/05\/Festival-de-Fe\u0300s-des-musiques-sacre\u0301es-du-monde-1-300x113.jpg 300w\" sizes=\"auto, (max-width: 746px) 100vw, 746px\"\/><\/a><\/p>\n<p class=\"p1\"><span class=\"s1\">En provenance de l\u2019Orient myst\u00e9rieux, plusieurs formations se partageront, le m\u00eame jour en apr\u00e8s-midi \u00e0 Jnan Sbil, les feux de la rampe tels que Sahar Mohammadi et Ha\u00efg Sarikouyoumdjian (Iran et Arm\u00e9nie). A son tour, Bahariyya, sp\u00e9cialistes du Mugham, venus des contr\u00e9es lointaines de l\u2019Azerba\u00efdjan, envo\u00fbteront le public le lundi 17 juin dans le m\u00eame espace naturel. Le Sultanat d\u2019Oman sera \u00e9galement \u00e0 l\u2019honneur \u00e0 travers l\u2019Areej Sufi Ensemble, qui r\u00e9unit une grande similitude gestuelle entre les rituels soufis de Zanzibar et d\u00e9montre l\u2019influence des chants et gestuelle des p\u00eacheurs de perles d\u2019Oman. Les femmes cubaines seront, quant \u00e0 elles, repr\u00e9sent\u00e9es par Obini Bata le mardi 18 juin, un groupe qui verse dans les chants et danses rituels des femmes de la Santeria.<\/span><\/p>\n<p class=\"p1\"><span class=\"s1\">Des Balkans au Moyen-Atlas, les femmes seront \u00e9galement de la partie. A travers la rencontre in\u00e9dite de Svetlana Spajic et Ch\u00e9rifa, deux figures iconiques de la transmission du patrimoine oral, les voix pastorales des montagnes serbes et berb\u00e8res feront r\u00e9sonner leurs \u00e9chos le mercredi 19 juin.<\/span><\/p>\n<p class=\"p1\"><span class=\"s1\">Enfin, un groupe exclusivement f\u00e9minin venu d\u2019Inde d\u00e9diera son spectacle cette m\u00eame journ\u00e9e \u00e0 Meera, reconnue comme une des plus grandes po\u00e9tesses de son temps. Autre t\u00eate d\u2019affiche, Youssou N\u2019dour attirera, lui aussi les foules le jeudi 20 juin. <em>\u00abYoussou demeure avant tout un artiste populaire et le d\u00e9montrera \u00e0 F\u00e8s \u00e0 travers un concert empreint d\u2019une grande jovialit\u00e9 et d\u2019une parfaite ma\u00eetrise artistique\u00bb,<\/em> indiquent les organisateurs \u00e0 propos de l\u2019artiste. Outre ces interpr\u00e8tes, plusieurs autres formations se produiront dans les diff\u00e9rentes sc\u00e8nes musicales de la capitale spirituelle.<\/span><\/p>\n<p>Auteur: ALM<br \/>\n<a href=\"http:\/\/aujourdhui.ma\/culture\/musique\/25eme-festival-de-fes-des-musiques-sacrees-du-monde-un-long-periple-musical-de-cuba-a-lazerbaidjan\">Cliquez ici pour lire l&rsquo;article depuis sa source.<\/a><\/p>\n","protected":false},"excerpt":{"rendered":"<p>L\u2019incontournable Marcel Khalif\u00e9 se produira le\u00a016 juin en soir\u00e9e en compagnie d\u2019un grand orchestre. Il y performera les chansons arabes qu\u2019il a l\u2019habitude d\u2019interpr\u00e9ter avec virtuosit\u00e9 au oud. On conna\u00eet d\u00e9sormais les nationalit\u00e9s des artistes qui prendront part au 25\u00e8me Festival de F\u00e8s des musiques sacr\u00e9es du monde qui se tiendra du 14 au 22 [&hellip;]<\/p>\n","protected":false},"author":1759,"featured_media":0,"comment_status":"closed","ping_status":"closed","sticky":false,"template":"","format":"standard","meta":{"fifu_image_url":"","fifu_image_alt":"","footnotes":""},"categories":[73,54],"tags":[],"class_list":["post-36094","post","type-post","status-publish","format-standard","hentry","category-actualite","category-maroc"],"_links":{"self":[{"href":"https:\/\/linitiative.ca\/International\/wp-json\/wp\/v2\/posts\/36094","targetHints":{"allow":["GET"]}}],"collection":[{"href":"https:\/\/linitiative.ca\/International\/wp-json\/wp\/v2\/posts"}],"about":[{"href":"https:\/\/linitiative.ca\/International\/wp-json\/wp\/v2\/types\/post"}],"author":[{"embeddable":true,"href":"https:\/\/linitiative.ca\/International\/wp-json\/wp\/v2\/users\/1759"}],"replies":[{"embeddable":true,"href":"https:\/\/linitiative.ca\/International\/wp-json\/wp\/v2\/comments?post=36094"}],"version-history":[{"count":0,"href":"https:\/\/linitiative.ca\/International\/wp-json\/wp\/v2\/posts\/36094\/revisions"}],"wp:attachment":[{"href":"https:\/\/linitiative.ca\/International\/wp-json\/wp\/v2\/media?parent=36094"}],"wp:term":[{"taxonomy":"category","embeddable":true,"href":"https:\/\/linitiative.ca\/International\/wp-json\/wp\/v2\/categories?post=36094"},{"taxonomy":"post_tag","embeddable":true,"href":"https:\/\/linitiative.ca\/International\/wp-json\/wp\/v2\/tags?post=36094"}],"curies":[{"name":"wp","href":"https:\/\/api.w.org\/{rel}","templated":true}]}}