{"id":36110,"date":"2019-05-23T13:04:00","date_gmt":"2019-05-23T17:04:00","guid":{"rendered":"https:\/\/linitiative.ca\/International\/dar-el-gharnatia-a-laffiche-du-1er-festival-de-la-musique-andalouse-de-casablanca\/"},"modified":"2019-05-23T13:04:00","modified_gmt":"2019-05-23T17:04:00","slug":"dar-el-gharnatia-a-laffiche-du-1er-festival-de-la-musique-andalouse-de-casablanca","status":"publish","type":"post","link":"https:\/\/linitiative.ca\/International\/dar-el-gharnatia-a-laffiche-du-1er-festival-de-la-musique-andalouse-de-casablanca\/","title":{"rendered":"\u00ab\u00a0Dar El Gharnatia\u00a0\u00bb \u00e0 l&rsquo;affiche du 1er Festival de la musique andalouse de Casablanca"},"content":{"rendered":"<div>\n<div class=\"K2FeedImage\"><img decoding=\"async\" src=\"http:\/\/www.aps.dz\/media\/k2\/items\/cache\/824cc66d6f1b80fc28d8276b05919174_S.jpg\" alt=\"\" dar el gharnatia l du festival de la musique andalouse casablanca><\/div>\n<div class=\"K2FeedIntroText\">\n<p><strong>CASABLANCA &#8211; L&rsquo;orchestre de l&rsquo;association \u00ab\u00a0Dar El Gharnatia\u00a0\u00bb de musique andalouse de Kol\u00e9a pend part au premier Festival international de musique andalouse de Casablanca, pr\u00e9vu du 23 au 25 mai, rapporte la presse locale.<\/strong><\/p>\n<\/div>\n<div class=\"K2FeedFullText\">\n<p>Sous la direction de Mohamed Cherif Saoudi et la participation de Manel Gharbi, les membres d&rsquo;El Gharnatia, une des plus anciennes \u00e9coles de musique andalouse et parmi les plus prestigieuses et en Alg\u00e9rie, se produiront aux c\u00f4t\u00e9s d&rsquo;une centaine d&rsquo;artistes de Tunisie, du Maroc et d&rsquo;Espagne.<\/p>\n<p>Les deux artistes se joindront \u00e0 l\u2019Orchestre maghr\u00e9bin pour un prestation collective qui associe des artistes tunisiens et marocains ainsi que la troupe espagnole de Flamenco.<\/p>\n<p>Le 1er Festival de la musique andalouse de Casablanca est plac\u00e9 sous le signe \u00ab\u00a0La musique, langage du savoir\u00a0\u00bb.<\/p>\n<p>Organis\u00e9 en partenariat avec une association marocaine de musique andalouse, il a pour objectif de \u00ab\u00a0d\u00e9velopper et de perp\u00e9tuer la musique andalouse en tant qu&rsquo;art ancestral\u00a0\u00bb, selon ses promoteurs.<\/p>\n<\/div>\n<\/div>\n<p>Auteur:<br \/>\n<a href=\"http:\/\/www.aps.dz\/culture\/89772-dar-el-gharnatia-a-l-affiche-du-1er-festival-de-la-musique-andalouse-de-casablanca\">Cliquez ici pour lire l&rsquo;article depuis sa source.<\/a><\/p>\n","protected":false},"excerpt":{"rendered":"<p>CASABLANCA &#8211; L&rsquo;orchestre de l&rsquo;association \u00ab\u00a0Dar El Gharnatia\u00a0\u00bb de musique andalouse de Kol\u00e9a pend part au premier Festival international de musique andalouse de Casablanca, pr\u00e9vu du 23 au 25 mai, rapporte la presse locale. Sous la direction de Mohamed Cherif Saoudi et la participation de Manel Gharbi, les membres d&rsquo;El Gharnatia, une des plus anciennes [&hellip;]<\/p>\n","protected":false},"author":1790,"featured_media":36111,"comment_status":"closed","ping_status":"closed","sticky":false,"template":"","format":"standard","meta":{"fifu_image_url":"","fifu_image_alt":"","footnotes":""},"categories":[53,79],"tags":[],"class_list":["post-36110","post","type-post","status-publish","format-standard","has-post-thumbnail","hentry","category-algerie","category-culture"],"_links":{"self":[{"href":"https:\/\/linitiative.ca\/International\/wp-json\/wp\/v2\/posts\/36110","targetHints":{"allow":["GET"]}}],"collection":[{"href":"https:\/\/linitiative.ca\/International\/wp-json\/wp\/v2\/posts"}],"about":[{"href":"https:\/\/linitiative.ca\/International\/wp-json\/wp\/v2\/types\/post"}],"author":[{"embeddable":true,"href":"https:\/\/linitiative.ca\/International\/wp-json\/wp\/v2\/users\/1790"}],"replies":[{"embeddable":true,"href":"https:\/\/linitiative.ca\/International\/wp-json\/wp\/v2\/comments?post=36110"}],"version-history":[{"count":0,"href":"https:\/\/linitiative.ca\/International\/wp-json\/wp\/v2\/posts\/36110\/revisions"}],"wp:featuredmedia":[{"embeddable":true,"href":"https:\/\/linitiative.ca\/International\/wp-json\/"}],"wp:attachment":[{"href":"https:\/\/linitiative.ca\/International\/wp-json\/wp\/v2\/media?parent=36110"}],"wp:term":[{"taxonomy":"category","embeddable":true,"href":"https:\/\/linitiative.ca\/International\/wp-json\/wp\/v2\/categories?post=36110"},{"taxonomy":"post_tag","embeddable":true,"href":"https:\/\/linitiative.ca\/International\/wp-json\/wp\/v2\/tags?post=36110"}],"curies":[{"name":"wp","href":"https:\/\/api.w.org\/{rel}","templated":true}]}}