{"id":36114,"date":"2019-05-23T06:00:00","date_gmt":"2019-05-23T10:00:00","guid":{"rendered":"https:\/\/linitiative.ca\/International\/la-gendarmerie-ouvre-une-enquete-contre-said-bouteflika\/"},"modified":"2019-05-23T06:00:00","modified_gmt":"2019-05-23T10:00:00","slug":"la-gendarmerie-ouvre-une-enquete-contre-said-bouteflika","status":"publish","type":"post","link":"https:\/\/linitiative.ca\/International\/la-gendarmerie-ouvre-une-enquete-contre-said-bouteflika\/","title":{"rendered":"La gendarmerie ouvre une enqu\u00eate contre Sa\u00efd Bouteflika"},"content":{"rendered":"<div id=\"originalText\" readability=\"67\">\n<p>La Gendarmerie nationale a ouvert une enqu\u00eate pr\u00e9liminaire dans la plainte d\u00e9pos\u00e9e par des citoyens contre Sa\u00efd Bouteflila. C\u2019est ce qu\u2019indique l\u2019activiste Elias Filali, un des initiateurs de la plainte, sur sa page facebook. \u201cNous avons \u00e9t\u00e9 convoqu\u00e9s, aujourd\u2019hui, par les services de gendarmerie de la brigade de Bab Jdid pour la poursuite des investigations, pour savoir, notamment, les motivations de notre plainte\u201d contre le fr\u00e8re de l\u2019ancien pr\u00e9sident de la R\u00e9publique, a \u00e9crit l\u2019activiste.\u00a0<\/p>\n<p>Le 2 avril dernier, quelques heures seulement avant la d\u00e9mission d\u2019Abdelaziz Bouteflika, cinq citoyens ont d\u00e9pos\u00e9 plainte, aupr\u00e8s de la cour d\u2019Alger, contre Sa\u00efd Bouteflika \u201cpour faux et usage de faux\u201d et \u201cconfiscation d\u2019un cachet de la R\u00e9publique\u201d. La plainte a \u00e9t\u00e9 enregistr\u00e9e.\u00a0Une autre plainte a \u00e9t\u00e9 d\u00e9pos\u00e9e par des citoyens de Sidi Bel-Abb\u00e8s contre Sa\u00efd Bouteflika\u00a0 pour, notamment, \u201cusurpation de la fonction de pr\u00e9sident de la R\u00e9publique\u201d. Ces plaintes ont fait suite \u00e0 un discours prononc\u00e9 par Ahmed Ga\u00efd Salah o\u00f9 il accusait, quelques heures auparavant, le fr\u00e8re de l\u2019ancien chef de l\u2019\u00c9tat d\u2019avoir produit de faux documents et d\u2019avoir utilis\u00e9 sa proximit\u00e9 familiale avec Abdelaziz Bouteflika pour prendre des d\u00e9cisions.\u00a0<\/p>\n<p>Le chef d\u2019\u00e9tat-major de l\u2019arm\u00e9e avait \u00e9galement refus\u00e9 de reconna\u00eetre des d\u00e9cisions \u00e9manant de la pr\u00e9sidence de la R\u00e9publique. Des personnalit\u00e9s politiques, \u00e0 l\u2019image de l\u2019ancien Premier ministre, Ali Benflis, accusent r\u00e9guli\u00e8rement Sa\u00efd Bouteflika d\u2019avoir agi \u00e0 la place de son fr\u00e8re, officiellement chef de l\u2019\u00c9tat. L\u2019ancien ministre de la D\u00e9fense, Khaled Nezzar, l\u2019a \u00e9galement confirm\u00e9 dans une lettre rendue publique r\u00e9cemment.<\/p>\n<p class=\"c10\">\u00a0<\/p>\n<p class=\"c11\"><strong>Ali B.<\/strong><\/p>\n<\/div>\n<div id=\"text_core\" readability=\"67\">\n<p>La Gendarmerie nationale a ouvert une enqu\u00eate pr\u00e9liminaire dans la plainte d\u00e9pos\u00e9e par des citoyens contre Sa\u00efd Bouteflila. C\u2019est ce qu\u2019indique l\u2019activiste Elias Filali, un des initiateurs de la plainte, sur sa page facebook. \u201cNous avons \u00e9t\u00e9 convoqu\u00e9s, aujourd\u2019hui, par les services de gendarmerie de la brigade de Bab Jdid pour la poursuite des investigations, pour savoir, notamment, les motivations de notre plainte\u201d contre le fr\u00e8re de l\u2019ancien pr\u00e9sident de la R\u00e9publique, a \u00e9crit l\u2019activiste.\u00a0<\/p>\n<p>Le 2 avril dernier, quelques heures seulement avant la d\u00e9mission d\u2019Abdelaziz Bouteflika, cinq citoyens ont d\u00e9pos\u00e9 plainte, aupr\u00e8s de la cour d\u2019Alger, contre Sa\u00efd Bouteflika \u201cpour faux et usage de faux\u201d et \u201cconfiscation d\u2019un cachet de la R\u00e9publique\u201d. La plainte a \u00e9t\u00e9 enregistr\u00e9e.\u00a0Une autre plainte a \u00e9t\u00e9 d\u00e9pos\u00e9e par des citoyens de Sidi Bel-Abb\u00e8s contre Sa\u00efd Bouteflika\u00a0 pour, notamment, \u201cusurpation de la fonction de pr\u00e9sident de la R\u00e9publique\u201d. Ces plaintes ont fait suite \u00e0 un discours prononc\u00e9 par Ahmed Ga\u00efd Salah o\u00f9 il accusait, quelques heures auparavant, le fr\u00e8re de l\u2019ancien chef de l\u2019\u00c9tat d\u2019avoir produit de faux documents et d\u2019avoir utilis\u00e9 sa proximit\u00e9 familiale avec Abdelaziz Bouteflika pour prendre des d\u00e9cisions.\u00a0<\/p>\n<p>Le chef d\u2019\u00e9tat-major de l\u2019arm\u00e9e avait \u00e9galement refus\u00e9 de reconna\u00eetre des d\u00e9cisions \u00e9manant de la pr\u00e9sidence de la R\u00e9publique. Des personnalit\u00e9s politiques, \u00e0 l\u2019image de l\u2019ancien Premier ministre, Ali Benflis, accusent r\u00e9guli\u00e8rement Sa\u00efd Bouteflika d\u2019avoir agi \u00e0 la place de son fr\u00e8re, officiellement chef de l\u2019\u00c9tat. L\u2019ancien ministre de la D\u00e9fense, Khaled Nezzar, l\u2019a \u00e9galement confirm\u00e9 dans une lettre rendue publique r\u00e9cemment.<\/p>\n<p class=\"c10\">\u00a0<\/p>\n<p class=\"c11\"><strong>Ali B.<\/strong><\/p>\n<\/div>\n<p>Auteur:<br \/>\n<a href=\"https:\/\/www.liberte-algerie.com\/actualite\/la-gendarmerie-ouvre-une-enquete-contre-said-bouteflika-316434\">Cliquez ici pour lire l&rsquo;article depuis sa source.<\/a><\/p>\n","protected":false},"excerpt":{"rendered":"<p>La Gendarmerie nationale a ouvert une enqu\u00eate pr\u00e9liminaire dans la plainte d\u00e9pos\u00e9e par des citoyens contre Sa\u00efd Bouteflila. C\u2019est ce qu\u2019indique l\u2019activiste Elias Filali, un des initiateurs de la plainte, sur sa page facebook. \u201cNous avons \u00e9t\u00e9 convoqu\u00e9s, aujourd\u2019hui, par les services de gendarmerie de la brigade de Bab Jdid pour la poursuite des investigations, [&hellip;]<\/p>\n","protected":false},"author":1742,"featured_media":0,"comment_status":"closed","ping_status":"closed","sticky":false,"template":"","format":"standard","meta":{"fifu_image_url":"","fifu_image_alt":"","footnotes":""},"categories":[73,53],"tags":[],"class_list":["post-36114","post","type-post","status-publish","format-standard","hentry","category-actualite","category-algerie"],"_links":{"self":[{"href":"https:\/\/linitiative.ca\/International\/wp-json\/wp\/v2\/posts\/36114","targetHints":{"allow":["GET"]}}],"collection":[{"href":"https:\/\/linitiative.ca\/International\/wp-json\/wp\/v2\/posts"}],"about":[{"href":"https:\/\/linitiative.ca\/International\/wp-json\/wp\/v2\/types\/post"}],"author":[{"embeddable":true,"href":"https:\/\/linitiative.ca\/International\/wp-json\/wp\/v2\/users\/1742"}],"replies":[{"embeddable":true,"href":"https:\/\/linitiative.ca\/International\/wp-json\/wp\/v2\/comments?post=36114"}],"version-history":[{"count":0,"href":"https:\/\/linitiative.ca\/International\/wp-json\/wp\/v2\/posts\/36114\/revisions"}],"wp:attachment":[{"href":"https:\/\/linitiative.ca\/International\/wp-json\/wp\/v2\/media?parent=36114"}],"wp:term":[{"taxonomy":"category","embeddable":true,"href":"https:\/\/linitiative.ca\/International\/wp-json\/wp\/v2\/categories?post=36114"},{"taxonomy":"post_tag","embeddable":true,"href":"https:\/\/linitiative.ca\/International\/wp-json\/wp\/v2\/tags?post=36114"}],"curies":[{"name":"wp","href":"https:\/\/api.w.org\/{rel}","templated":true}]}}