{"id":36116,"date":"2019-05-23T06:00:00","date_gmt":"2019-05-23T10:00:00","guid":{"rendered":"https:\/\/linitiative.ca\/International\/tizi-ouzou-marche-pour-exiger-le-depart-du-systeme-et-de-sidi-said\/"},"modified":"2019-05-23T06:00:00","modified_gmt":"2019-05-23T10:00:00","slug":"tizi-ouzou-marche-pour-exiger-le-depart-du-systeme-et-de-sidi-said","status":"publish","type":"post","link":"https:\/\/linitiative.ca\/International\/tizi-ouzou-marche-pour-exiger-le-depart-du-systeme-et-de-sidi-said\/","title":{"rendered":"Tizi Ouzou : marche pour exiger le d\u00e9part du syst\u00e8me et de Sidi-Sa\u00efd"},"content":{"rendered":"<div id=\"originalText\" readability=\"94\">\n<p><strong>Les travailleurs repr\u00e9sentant l\u2019ensemble des sections syndicales UGTA du secteur public de la wilaya de Tizi Ouzou ont manifest\u00e9, plus de deux heures, malgr\u00e9 une chaleur torride, pour faire entendre leur voix.<\/strong><\/p>\n<p>Des milliers de travailleurs ont march\u00e9 hier \u00e0 Tizi Ouzou, \u00e0 l\u2019appel de l\u2019Union de wilaya\u00a0 UGTA. La marche a d\u00e9marr\u00e9 vers 11h depuis le stade du 1er-Novembre, en passant par la rue Lamali-Ahmed et le boulevard Abane-Ramdane, pour atteindre enfin le monument des Martyrs, situ\u00e9 \u00e0 la sortie-ouest de la ville des Gen\u00eats. Les travailleurs repr\u00e9sentant l\u2019ensemble des sections syndicales UGTA du secteur public de la wilaya de Tizi Ouzou auront eu beaucoup de m\u00e9rite \u00e0 battre le pav\u00e9, plus de deux heures, pour faire entendre leur voix, malgr\u00e9 une chaleur torride. Durant tout leur parcours, les manifestants ont scand\u00e9 des slogans hostiles au pouvoir, tels que : \u201cGa\u00efd Salah, Sidi-Sa\u00efd, Bedoui, Bensalah : d\u00e9gagez !\u201d, \u201cLib\u00e9rez l\u2019UGTA\u201d, \u201cSyst\u00e8me d\u00e9gage\u201d, \u201cSidi-Sa\u00efd d\u00e9gage\u201d. Ils portaient fi\u00e8rement de grandes banderoles sur lesquelles on pouvait lire aussi : \u201cNon au congr\u00e8s de la honte du 20 juin\u201d, \u201cL\u2019UGTA ind\u00e9pendante et d\u00e9mocratique\u201d, \u201cPour la restitution de l\u2019UGTA d\u2019A\u00efssat Idir et d\u2019Abdelhak Benhamouda aux travailleurs\u201d, ou \u201cLes repr\u00e9sailles n\u2019arr\u00eateront pas la d\u00e9termination des travailleurs\u201d.\u00a0<\/p>\n<p>Accost\u00e9 au d\u00e9but de la marche, le secr\u00e9taire g\u00e9n\u00e9ral de l\u2019Union de wilaya UGTA, Bachir Ramdani, a indiqu\u00e9 : \u201cCette marche s\u2019inscrit dans le cadre d\u2019un programme arr\u00eat\u00e9 par le comit\u00e9 national pour la r\u00e9appropriation de l\u2019UGTA\u00a0 et nous avons entam\u00e9 nos actions par des rassemblements pacifiques au niveau central et l\u00e0,\u00a0 comme c\u2019est le car\u00eame, nous avons donc d\u00e9cid\u00e9 d\u2019observer des actions au niveau des wilayas.\u201d\u00a0Bachir Ramdani annoncera \u00e9galement la tenue, le 12 juin prochain, d\u2019un grand rassemblement au si\u00e8ge de la Centrale syndicale \u00e0 Alger pour demander le respect de la volont\u00e9 du peuple qui exige le d\u00e9part du secr\u00e9tariat national de l\u2019UGTA et \u00e0 sa t\u00eate Sidi-Sa\u00efd, le respect de la dignit\u00e9 des travailleurs dans une UGTA libre et d\u00e9mocratique et dire non au congr\u00e8s de la honte des 20 et 21 juin prochain.<\/p>\n<p>Et notre interlocuteur de r\u00e9it\u00e9rer le principe d\u2019une organisation syndicaliste libre, d\u00e9mocratique, sociale et revendicative, loin de tous les enjeux que l\u2019UGTA avait connus jusque-l\u00e0, estimant que \u201cla pr\u00e9carit\u00e9 des travailleurs est totale, d\u2019o\u00f9 l\u2019objectif de cette action de protestation pour d\u00e9noncer leur repr\u00e9sentation au niveau central\u201d. Il est \u00e0 souligner qu\u2019une p\u00e9tition nationale intitul\u00e9e \u201cUn million de signatures pour la restitution de l\u2019UGTA aux travailleurs\u201d a \u00e9t\u00e9 lanc\u00e9e. Dans ce document, les initiateurs d\u00e9noncent les d\u00e9rives de la direction actuelle de l\u2019UGTA qui \u201ca d\u00e9tourn\u00e9 l\u2019organisation de sa vocation premi\u00e8re qui est la d\u00e9fense de nos int\u00e9r\u00eats mat\u00e9riels et moraux, pour la mettre au service de l\u2019oligarchie, des pr\u00e9dateurs et du syst\u00e8me \u00e0 travers son soutien au 5e mandat\u201d.\u00a0<\/p>\n<p>En conclusion, les frondeurs de l\u2019UGTA estiment encore que \u201cle secr\u00e9tariat national, avec \u00e0 sa t\u00eate le secr\u00e9taire g\u00e9n\u00e9ral, est disqualifi\u00e9 et ne peut plus continuer \u00e0 parler en notre nom ni organiser le prochain congr\u00e8s qu\u2019il a convoqu\u00e9 dans la pr\u00e9cipitation en violation des statuts de l\u2019UGTA\u201d.<br \/>\u00a0<\/p>\n<p class=\"c10\"><strong>K. Tighilt\u00a0<\/strong><\/p>\n<p class=\"c10\">\u00a0<\/p>\n<\/div>\n<div id=\"text_core\" readability=\"94\">\n<p><strong>Les travailleurs repr\u00e9sentant l\u2019ensemble des sections syndicales UGTA du secteur public de la wilaya de Tizi Ouzou ont manifest\u00e9, plus de deux heures, malgr\u00e9 une chaleur torride, pour faire entendre leur voix.<\/strong><\/p>\n<p>Des milliers de travailleurs ont march\u00e9 hier \u00e0 Tizi Ouzou, \u00e0 l\u2019appel de l\u2019Union de wilaya\u00a0 UGTA. La marche a d\u00e9marr\u00e9 vers 11h depuis le stade du 1er-Novembre, en passant par la rue Lamali-Ahmed et le boulevard Abane-Ramdane, pour atteindre enfin le monument des Martyrs, situ\u00e9 \u00e0 la sortie-ouest de la ville des Gen\u00eats. Les travailleurs repr\u00e9sentant l\u2019ensemble des sections syndicales UGTA du secteur public de la wilaya de Tizi Ouzou auront eu beaucoup de m\u00e9rite \u00e0 battre le pav\u00e9, plus de deux heures, pour faire entendre leur voix, malgr\u00e9 une chaleur torride. Durant tout leur parcours, les manifestants ont scand\u00e9 des slogans hostiles au pouvoir, tels que : \u201cGa\u00efd Salah, Sidi-Sa\u00efd, Bedoui, Bensalah : d\u00e9gagez !\u201d, \u201cLib\u00e9rez l\u2019UGTA\u201d, \u201cSyst\u00e8me d\u00e9gage\u201d, \u201cSidi-Sa\u00efd d\u00e9gage\u201d. Ils portaient fi\u00e8rement de grandes banderoles sur lesquelles on pouvait lire aussi : \u201cNon au congr\u00e8s de la honte du 20 juin\u201d, \u201cL\u2019UGTA ind\u00e9pendante et d\u00e9mocratique\u201d, \u201cPour la restitution de l\u2019UGTA d\u2019A\u00efssat Idir et d\u2019Abdelhak Benhamouda aux travailleurs\u201d, ou \u201cLes repr\u00e9sailles n\u2019arr\u00eateront pas la d\u00e9termination des travailleurs\u201d.\u00a0<\/p>\n<p>Accost\u00e9 au d\u00e9but de la marche, le secr\u00e9taire g\u00e9n\u00e9ral de l\u2019Union de wilaya UGTA, Bachir Ramdani, a indiqu\u00e9 : \u201cCette marche s\u2019inscrit dans le cadre d\u2019un programme arr\u00eat\u00e9 par le comit\u00e9 national pour la r\u00e9appropriation de l\u2019UGTA\u00a0 et nous avons entam\u00e9 nos actions par des rassemblements pacifiques au niveau central et l\u00e0,\u00a0 comme c\u2019est le car\u00eame, nous avons donc d\u00e9cid\u00e9 d\u2019observer des actions au niveau des wilayas.\u201d\u00a0Bachir Ramdani annoncera \u00e9galement la tenue, le 12 juin prochain, d\u2019un grand rassemblement au si\u00e8ge de la Centrale syndicale \u00e0 Alger pour demander le respect de la volont\u00e9 du peuple qui exige le d\u00e9part du secr\u00e9tariat national de l\u2019UGTA et \u00e0 sa t\u00eate Sidi-Sa\u00efd, le respect de la dignit\u00e9 des travailleurs dans une UGTA libre et d\u00e9mocratique et dire non au congr\u00e8s de la honte des 20 et 21 juin prochain.<\/p>\n<p>Et notre interlocuteur de r\u00e9it\u00e9rer le principe d\u2019une organisation syndicaliste libre, d\u00e9mocratique, sociale et revendicative, loin de tous les enjeux que l\u2019UGTA avait connus jusque-l\u00e0, estimant que \u201cla pr\u00e9carit\u00e9 des travailleurs est totale, d\u2019o\u00f9 l\u2019objectif de cette action de protestation pour d\u00e9noncer leur repr\u00e9sentation au niveau central\u201d. Il est \u00e0 souligner qu\u2019une p\u00e9tition nationale intitul\u00e9e \u201cUn million de signatures pour la restitution de l\u2019UGTA aux travailleurs\u201d a \u00e9t\u00e9 lanc\u00e9e. Dans ce document, les initiateurs d\u00e9noncent les d\u00e9rives de la direction actuelle de l\u2019UGTA qui \u201ca d\u00e9tourn\u00e9 l\u2019organisation de sa vocation premi\u00e8re qui est la d\u00e9fense de nos int\u00e9r\u00eats mat\u00e9riels et moraux, pour la mettre au service de l\u2019oligarchie, des pr\u00e9dateurs et du syst\u00e8me \u00e0 travers son soutien au 5e mandat\u201d.\u00a0<\/p>\n<p>En conclusion, les frondeurs de l\u2019UGTA estiment encore que \u201cle secr\u00e9tariat national, avec \u00e0 sa t\u00eate le secr\u00e9taire g\u00e9n\u00e9ral, est disqualifi\u00e9 et ne peut plus continuer \u00e0 parler en notre nom ni organiser le prochain congr\u00e8s qu\u2019il a convoqu\u00e9 dans la pr\u00e9cipitation en violation des statuts de l\u2019UGTA\u201d.<br \/>\u00a0<\/p>\n<p class=\"c10\"><strong>K. Tighilt\u00a0<\/strong><\/p>\n<p class=\"c10\">\u00a0<\/p>\n<\/div>\n<p>Auteur:<br \/>\n<a href=\"https:\/\/www.liberte-algerie.com\/actualite\/tizi-ouzou-marche-pour-exiger-le-depart-du-systeme-et-de-sidi-said-316432\">Cliquez ici pour lire l&rsquo;article depuis sa source.<\/a><\/p>\n","protected":false},"excerpt":{"rendered":"<p>Les travailleurs repr\u00e9sentant l\u2019ensemble des sections syndicales UGTA du secteur public de la wilaya de Tizi Ouzou ont manifest\u00e9, plus de deux heures, malgr\u00e9 une chaleur torride, pour faire entendre leur voix. Des milliers de travailleurs ont march\u00e9 hier \u00e0 Tizi Ouzou, \u00e0 l\u2019appel de l\u2019Union de wilaya\u00a0 UGTA. La marche a d\u00e9marr\u00e9 vers 11h [&hellip;]<\/p>\n","protected":false},"author":1742,"featured_media":0,"comment_status":"closed","ping_status":"closed","sticky":false,"template":"","format":"standard","meta":{"fifu_image_url":"","fifu_image_alt":"","footnotes":""},"categories":[73,53],"tags":[],"class_list":["post-36116","post","type-post","status-publish","format-standard","hentry","category-actualite","category-algerie"],"_links":{"self":[{"href":"https:\/\/linitiative.ca\/International\/wp-json\/wp\/v2\/posts\/36116","targetHints":{"allow":["GET"]}}],"collection":[{"href":"https:\/\/linitiative.ca\/International\/wp-json\/wp\/v2\/posts"}],"about":[{"href":"https:\/\/linitiative.ca\/International\/wp-json\/wp\/v2\/types\/post"}],"author":[{"embeddable":true,"href":"https:\/\/linitiative.ca\/International\/wp-json\/wp\/v2\/users\/1742"}],"replies":[{"embeddable":true,"href":"https:\/\/linitiative.ca\/International\/wp-json\/wp\/v2\/comments?post=36116"}],"version-history":[{"count":0,"href":"https:\/\/linitiative.ca\/International\/wp-json\/wp\/v2\/posts\/36116\/revisions"}],"wp:attachment":[{"href":"https:\/\/linitiative.ca\/International\/wp-json\/wp\/v2\/media?parent=36116"}],"wp:term":[{"taxonomy":"category","embeddable":true,"href":"https:\/\/linitiative.ca\/International\/wp-json\/wp\/v2\/categories?post=36116"},{"taxonomy":"post_tag","embeddable":true,"href":"https:\/\/linitiative.ca\/International\/wp-json\/wp\/v2\/tags?post=36116"}],"curies":[{"name":"wp","href":"https:\/\/api.w.org\/{rel}","templated":true}]}}