{"id":36119,"date":"2019-05-23T06:00:00","date_gmt":"2019-05-23T10:00:00","guid":{"rendered":"https:\/\/linitiative.ca\/International\/les-explications-de-lassociation-des-commercants\/"},"modified":"2019-05-23T06:00:00","modified_gmt":"2019-05-23T10:00:00","slug":"les-explications-de-lassociation-des-commercants","status":"publish","type":"post","link":"https:\/\/linitiative.ca\/International\/les-explications-de-lassociation-des-commercants\/","title":{"rendered":"Les explications de l\u2019Association des commer\u00e7ants"},"content":{"rendered":"<div id=\"originalText\" readability=\"63\">\n<p>L\u2019Association nationale des commer\u00e7ants et artisans (Anca) estime que l\u2019absence des march\u00e9s de proximit\u00e9 dans les communes n\u2019a pas \u00e9t\u00e9 sans cons\u00e9quence sur les prix durant la premi\u00e8re quinzaine du mois de Ramadhan. Pour son pr\u00e9sident, Hadj Tahar Boulenouar, plus de 400 APC n\u2019ont pas install\u00e9 ces march\u00e9s locaux de type parisien. Ce qui a engendr\u00e9 une hausse du co\u00fbt des fruits et l\u00e9gumes en d\u00e9pit de l\u2019instauration des prix de r\u00e9f\u00e9rence pour quelques produits. Or, il fallait, selon lui, mettre en place au moins 600 march\u00e9s de ce genre afin d\u2019att\u00e9nuer, un tant soit peu, la flamb\u00e9e des prix habituelle des premiers jours du mois sacr\u00e9. M. Boulenouar avoue, n\u00e9anmoins, qu\u2019en moyenne, \u00e0 l\u2019\u00e9chelle nationale, les tarifs pratiqu\u00e9s sur les march\u00e9s durant le mois de je\u00fbne 2019 sont l\u00e9g\u00e8rement plus bas compar\u00e9s \u00e0 ceux \u00e0 la m\u00eame p\u00e9riode de 2018. Cela dit, pr\u00e8s de 600 000 tonnes de produits agricoles, notamment les fruits et l\u00e9gumes, ont \u00e9t\u00e9 commercialis\u00e9es pendant les 15 premiers jours du Ramadhan.<\/p>\n<p>Plus de 50 000 tonnes de viande ont \u00e9t\u00e9 \u00e9galement vendues. \u201cL\u2019on a constat\u00e9 ces derniers jours que les prix des fruits et l\u00e9gumes ont connu une baisse de 30 \u00e0 40 DA\/kg\u201d, rel\u00e8ve Hadj Boulenouar au cours d\u2019une conf\u00e9rence de presse qu\u2019il a anim\u00e9e hier. Concernant le programme des permanences les jours de l\u2019A\u00efd el-fitr, le repr\u00e9sentant de la Direction du commerce d\u2019Alger a annonc\u00e9 la mobilisation de 4 105 boulangeries, 1 794 marchands de fruits et l\u00e9gumes, ainsi que d\u2019autres produits alimentaires, 1 822 commer\u00e7ants li\u00e9s \u00e0 diverses activit\u00e9s dont la restauration, les caf\u00e9s, les fast-foods, les stations d\u2019essence, les cr\u00e9meries&#8230;<br \/>\u00a0<\/p>\n<p class=\"c10\"><strong>B. K.<\/strong><\/p>\n<\/div>\n<div id=\"text_core\" readability=\"63\">\n<p>L\u2019Association nationale des commer\u00e7ants et artisans (Anca) estime que l\u2019absence des march\u00e9s de proximit\u00e9 dans les communes n\u2019a pas \u00e9t\u00e9 sans cons\u00e9quence sur les prix durant la premi\u00e8re quinzaine du mois de Ramadhan. Pour son pr\u00e9sident, Hadj Tahar Boulenouar, plus de 400 APC n\u2019ont pas install\u00e9 ces march\u00e9s locaux de type parisien. Ce qui a engendr\u00e9 une hausse du co\u00fbt des fruits et l\u00e9gumes en d\u00e9pit de l\u2019instauration des prix de r\u00e9f\u00e9rence pour quelques produits. Or, il fallait, selon lui, mettre en place au moins 600 march\u00e9s de ce genre afin d\u2019att\u00e9nuer, un tant soit peu, la flamb\u00e9e des prix habituelle des premiers jours du mois sacr\u00e9. M. Boulenouar avoue, n\u00e9anmoins, qu\u2019en moyenne, \u00e0 l\u2019\u00e9chelle nationale, les tarifs pratiqu\u00e9s sur les march\u00e9s durant le mois de je\u00fbne 2019 sont l\u00e9g\u00e8rement plus bas compar\u00e9s \u00e0 ceux \u00e0 la m\u00eame p\u00e9riode de 2018. Cela dit, pr\u00e8s de 600 000 tonnes de produits agricoles, notamment les fruits et l\u00e9gumes, ont \u00e9t\u00e9 commercialis\u00e9es pendant les 15 premiers jours du Ramadhan.<\/p>\n<p>Plus de 50 000 tonnes de viande ont \u00e9t\u00e9 \u00e9galement vendues. \u201cL\u2019on a constat\u00e9 ces derniers jours que les prix des fruits et l\u00e9gumes ont connu une baisse de 30 \u00e0 40 DA\/kg\u201d, rel\u00e8ve Hadj Boulenouar au cours d\u2019une conf\u00e9rence de presse qu\u2019il a anim\u00e9e hier. Concernant le programme des permanences les jours de l\u2019A\u00efd el-fitr, le repr\u00e9sentant de la Direction du commerce d\u2019Alger a annonc\u00e9 la mobilisation de 4 105 boulangeries, 1 794 marchands de fruits et l\u00e9gumes, ainsi que d\u2019autres produits alimentaires, 1 822 commer\u00e7ants li\u00e9s \u00e0 diverses activit\u00e9s dont la restauration, les caf\u00e9s, les fast-foods, les stations d\u2019essence, les cr\u00e9meries&#8230;<br \/>\u00a0<\/p>\n<p class=\"c10\"><strong>B. K.<\/strong><\/p>\n<\/div>\n<p>Auteur:<br \/>\n<a href=\"https:\/\/www.liberte-algerie.com\/actualite\/les-explications-de-lassociation-des-commercants-316429\">Cliquez ici pour lire l&rsquo;article depuis sa source.<\/a><\/p>\n","protected":false},"excerpt":{"rendered":"<p>L\u2019Association nationale des commer\u00e7ants et artisans (Anca) estime que l\u2019absence des march\u00e9s de proximit\u00e9 dans les communes n\u2019a pas \u00e9t\u00e9 sans cons\u00e9quence sur les prix durant la premi\u00e8re quinzaine du mois de Ramadhan. Pour son pr\u00e9sident, Hadj Tahar Boulenouar, plus de 400 APC n\u2019ont pas install\u00e9 ces march\u00e9s locaux de type parisien. Ce qui a [&hellip;]<\/p>\n","protected":false},"author":1742,"featured_media":0,"comment_status":"closed","ping_status":"closed","sticky":false,"template":"","format":"standard","meta":{"fifu_image_url":"","fifu_image_alt":"","footnotes":""},"categories":[73,53],"tags":[],"class_list":["post-36119","post","type-post","status-publish","format-standard","hentry","category-actualite","category-algerie"],"_links":{"self":[{"href":"https:\/\/linitiative.ca\/International\/wp-json\/wp\/v2\/posts\/36119","targetHints":{"allow":["GET"]}}],"collection":[{"href":"https:\/\/linitiative.ca\/International\/wp-json\/wp\/v2\/posts"}],"about":[{"href":"https:\/\/linitiative.ca\/International\/wp-json\/wp\/v2\/types\/post"}],"author":[{"embeddable":true,"href":"https:\/\/linitiative.ca\/International\/wp-json\/wp\/v2\/users\/1742"}],"replies":[{"embeddable":true,"href":"https:\/\/linitiative.ca\/International\/wp-json\/wp\/v2\/comments?post=36119"}],"version-history":[{"count":0,"href":"https:\/\/linitiative.ca\/International\/wp-json\/wp\/v2\/posts\/36119\/revisions"}],"wp:attachment":[{"href":"https:\/\/linitiative.ca\/International\/wp-json\/wp\/v2\/media?parent=36119"}],"wp:term":[{"taxonomy":"category","embeddable":true,"href":"https:\/\/linitiative.ca\/International\/wp-json\/wp\/v2\/categories?post=36119"},{"taxonomy":"post_tag","embeddable":true,"href":"https:\/\/linitiative.ca\/International\/wp-json\/wp\/v2\/tags?post=36119"}],"curies":[{"name":"wp","href":"https:\/\/api.w.org\/{rel}","templated":true}]}}