{"id":36121,"date":"2019-05-23T06:00:00","date_gmt":"2019-05-23T10:00:00","guid":{"rendered":"https:\/\/linitiative.ca\/International\/15-candidats-a-lemigration-clandestine-interceptes-a-cap-lindles\/"},"modified":"2019-05-23T06:00:00","modified_gmt":"2019-05-23T10:00:00","slug":"15-candidats-a-lemigration-clandestine-interceptes-a-cap-lindles","status":"publish","type":"post","link":"https:\/\/linitiative.ca\/International\/15-candidats-a-lemigration-clandestine-interceptes-a-cap-lindles\/","title":{"rendered":"15 candidats \u00e0 l\u2019\u00e9migration clandestine intercept\u00e9s \u00e0 Cap Lindl\u00e8s"},"content":{"rendered":"<div id=\"originalText\" readability=\"47\">\n<p class=\"c10\">Quinze candidats \u00e0 l\u2019\u00e9migration clandestine, tous Alg\u00e9riens, ont \u00e9t\u00e9 intercept\u00e9s hier \u00e0 7h30 \u00e0 Cap Lindl\u00e8s, au nord de Madagh, dans la commune d&rsquo;A\u00efn El-Kerma (Boutl\u00e9lis), par des unit\u00e9s du groupement territorial des garde-c\u00f4tes d\u2019Oran, a-t-on appris de la cellule de communication de ce corps de s\u00e9curit\u00e9. Les 15 citoyens, tous originaires de la wilaya de Tizi Ouzou, qui tentaient, \u00e0 bord d\u2019un pneumatique (Zodiac), de regagner les eaux espagnoles, ont \u00e9t\u00e9 intercept\u00e9s \u00e0 6 milles de Cap Lindl\u00e8s, a indiqu\u00e9 la m\u00eame source.<br \/>Ces harraga qui avaient pris le d\u00e9part de la plage de Corales ont \u00e9t\u00e9 remis \u00e0 la Gendarmerie nationale.<\/p>\n<\/div>\n<div id=\"text_core\" readability=\"47\">\n<p class=\"c10\">Quinze candidats \u00e0 l\u2019\u00e9migration clandestine, tous Alg\u00e9riens, ont \u00e9t\u00e9 intercept\u00e9s hier \u00e0 7h30 \u00e0 Cap Lindl\u00e8s, au nord de Madagh, dans la commune d&rsquo;A\u00efn El-Kerma (Boutl\u00e9lis), par des unit\u00e9s du groupement territorial des garde-c\u00f4tes d\u2019Oran, a-t-on appris de la cellule de communication de ce corps de s\u00e9curit\u00e9. Les 15 citoyens, tous originaires de la wilaya de Tizi Ouzou, qui tentaient, \u00e0 bord d\u2019un pneumatique (Zodiac), de regagner les eaux espagnoles, ont \u00e9t\u00e9 intercept\u00e9s \u00e0 6 milles de Cap Lindl\u00e8s, a indiqu\u00e9 la m\u00eame source.<br \/>Ces harraga qui avaient pris le d\u00e9part de la plage de Corales ont \u00e9t\u00e9 remis \u00e0 la Gendarmerie nationale.<\/p>\n<\/div>\n<p>Auteur:<br \/>\n<a href=\"https:\/\/www.liberte-algerie.com\/actualite\/15-candidats-a-lemigration-clandestine-interceptes-a-cap-lindles-316427\">Cliquez ici pour lire l&rsquo;article depuis sa source.<\/a><\/p>\n","protected":false},"excerpt":{"rendered":"<p>Quinze candidats \u00e0 l\u2019\u00e9migration clandestine, tous Alg\u00e9riens, ont \u00e9t\u00e9 intercept\u00e9s hier \u00e0 7h30 \u00e0 Cap Lindl\u00e8s, au nord de Madagh, dans la commune d&rsquo;A\u00efn El-Kerma (Boutl\u00e9lis), par des unit\u00e9s du groupement territorial des garde-c\u00f4tes d\u2019Oran, a-t-on appris de la cellule de communication de ce corps de s\u00e9curit\u00e9. Les 15 citoyens, tous originaires de la wilaya [&hellip;]<\/p>\n","protected":false},"author":1742,"featured_media":0,"comment_status":"closed","ping_status":"closed","sticky":false,"template":"","format":"standard","meta":{"fifu_image_url":"","fifu_image_alt":"","footnotes":""},"categories":[73,53],"tags":[],"class_list":["post-36121","post","type-post","status-publish","format-standard","hentry","category-actualite","category-algerie"],"_links":{"self":[{"href":"https:\/\/linitiative.ca\/International\/wp-json\/wp\/v2\/posts\/36121","targetHints":{"allow":["GET"]}}],"collection":[{"href":"https:\/\/linitiative.ca\/International\/wp-json\/wp\/v2\/posts"}],"about":[{"href":"https:\/\/linitiative.ca\/International\/wp-json\/wp\/v2\/types\/post"}],"author":[{"embeddable":true,"href":"https:\/\/linitiative.ca\/International\/wp-json\/wp\/v2\/users\/1742"}],"replies":[{"embeddable":true,"href":"https:\/\/linitiative.ca\/International\/wp-json\/wp\/v2\/comments?post=36121"}],"version-history":[{"count":0,"href":"https:\/\/linitiative.ca\/International\/wp-json\/wp\/v2\/posts\/36121\/revisions"}],"wp:attachment":[{"href":"https:\/\/linitiative.ca\/International\/wp-json\/wp\/v2\/media?parent=36121"}],"wp:term":[{"taxonomy":"category","embeddable":true,"href":"https:\/\/linitiative.ca\/International\/wp-json\/wp\/v2\/categories?post=36121"},{"taxonomy":"post_tag","embeddable":true,"href":"https:\/\/linitiative.ca\/International\/wp-json\/wp\/v2\/tags?post=36121"}],"curies":[{"name":"wp","href":"https:\/\/api.w.org\/{rel}","templated":true}]}}