{"id":36122,"date":"2019-05-23T06:00:00","date_gmt":"2019-05-23T10:00:00","guid":{"rendered":"https:\/\/linitiative.ca\/International\/une-conference-de-benbitour-interdite-par-la-wilaya\/"},"modified":"2019-05-23T06:00:00","modified_gmt":"2019-05-23T10:00:00","slug":"une-conference-de-benbitour-interdite-par-la-wilaya","status":"publish","type":"post","link":"https:\/\/linitiative.ca\/International\/une-conference-de-benbitour-interdite-par-la-wilaya\/","title":{"rendered":"Une conf\u00e9rence de Benbitour interdite par la wilaya"},"content":{"rendered":"<div id=\"originalText\" readability=\"39\">\n<p class=\"c10\">La wilaya de M\u2019sila a rejet\u00e9 une demande de l\u2019Union nationale des professionnels de l\u2019\u00e9ducation et de la formation (UNPEF) pour l\u2019organisation d\u2019une conf\u00e9rence autour du th\u00e8me \u201c\u00e9conomie alg\u00e9rienne, r\u00e9alit\u00e9 et perspectives\u201d, que devait animer aujourd\u2019hui Ahmed Benbitour. Un refus injustifi\u00e9 d\u2019autant plus que la conf\u00e9rence se d\u00e9roule \u00e0 la biblioth\u00e8que centrale, donc sans risque d\u2019attiser le mouvement populaire comme pourrait le soup\u00e7onner l\u2019ex\u00e9cutif local.\u00a0 Un exc\u00e8s de z\u00e8le dont excellent beaucoup de walis, surtout s\u2019agissant d\u2019\u00e9v\u00e9nements organis\u00e9s par des entit\u00e9s autonomes ou qu\u2019ils ne parrainent pas.\u00a0<\/p>\n<\/div>\n<div id=\"text_core\" readability=\"39\">\n<p class=\"c10\">La wilaya de M\u2019sila a rejet\u00e9 une demande de l\u2019Union nationale des professionnels de l\u2019\u00e9ducation et de la formation (UNPEF) pour l\u2019organisation d\u2019une conf\u00e9rence autour du th\u00e8me \u201c\u00e9conomie alg\u00e9rienne, r\u00e9alit\u00e9 et perspectives\u201d, que devait animer aujourd\u2019hui Ahmed Benbitour. Un refus injustifi\u00e9 d\u2019autant plus que la conf\u00e9rence se d\u00e9roule \u00e0 la biblioth\u00e8que centrale, donc sans risque d\u2019attiser le mouvement populaire comme pourrait le soup\u00e7onner l\u2019ex\u00e9cutif local.\u00a0 Un exc\u00e8s de z\u00e8le dont excellent beaucoup de walis, surtout s\u2019agissant d\u2019\u00e9v\u00e9nements organis\u00e9s par des entit\u00e9s autonomes ou qu\u2019ils ne parrainent pas.\u00a0<\/p>\n<\/div>\n<p>Auteur:<br \/>\n<a href=\"https:\/\/www.liberte-algerie.com\/actualite\/une-conference-de-benbitour-interdite-par-la-wilaya-316426\">Cliquez ici pour lire l&rsquo;article depuis sa source.<\/a><\/p>\n","protected":false},"excerpt":{"rendered":"<p>La wilaya de M\u2019sila a rejet\u00e9 une demande de l\u2019Union nationale des professionnels de l\u2019\u00e9ducation et de la formation (UNPEF) pour l\u2019organisation d\u2019une conf\u00e9rence autour du th\u00e8me \u201c\u00e9conomie alg\u00e9rienne, r\u00e9alit\u00e9 et perspectives\u201d, que devait animer aujourd\u2019hui Ahmed Benbitour. Un refus injustifi\u00e9 d\u2019autant plus que la conf\u00e9rence se d\u00e9roule \u00e0 la biblioth\u00e8que centrale, donc sans risque [&hellip;]<\/p>\n","protected":false},"author":1742,"featured_media":0,"comment_status":"closed","ping_status":"closed","sticky":false,"template":"","format":"standard","meta":{"fifu_image_url":"","fifu_image_alt":"","footnotes":""},"categories":[73,53],"tags":[],"class_list":["post-36122","post","type-post","status-publish","format-standard","hentry","category-actualite","category-algerie"],"_links":{"self":[{"href":"https:\/\/linitiative.ca\/International\/wp-json\/wp\/v2\/posts\/36122","targetHints":{"allow":["GET"]}}],"collection":[{"href":"https:\/\/linitiative.ca\/International\/wp-json\/wp\/v2\/posts"}],"about":[{"href":"https:\/\/linitiative.ca\/International\/wp-json\/wp\/v2\/types\/post"}],"author":[{"embeddable":true,"href":"https:\/\/linitiative.ca\/International\/wp-json\/wp\/v2\/users\/1742"}],"replies":[{"embeddable":true,"href":"https:\/\/linitiative.ca\/International\/wp-json\/wp\/v2\/comments?post=36122"}],"version-history":[{"count":0,"href":"https:\/\/linitiative.ca\/International\/wp-json\/wp\/v2\/posts\/36122\/revisions"}],"wp:attachment":[{"href":"https:\/\/linitiative.ca\/International\/wp-json\/wp\/v2\/media?parent=36122"}],"wp:term":[{"taxonomy":"category","embeddable":true,"href":"https:\/\/linitiative.ca\/International\/wp-json\/wp\/v2\/categories?post=36122"},{"taxonomy":"post_tag","embeddable":true,"href":"https:\/\/linitiative.ca\/International\/wp-json\/wp\/v2\/tags?post=36122"}],"curies":[{"name":"wp","href":"https:\/\/api.w.org\/{rel}","templated":true}]}}