{"id":36127,"date":"2019-05-23T06:30:32","date_gmt":"2019-05-23T10:30:32","guid":{"rendered":"https:\/\/linitiative.ca\/International\/plus-de-23-000-quintaux-de-cereales-recoltes-a-ouargla\/"},"modified":"2019-05-23T06:30:32","modified_gmt":"2019-05-23T10:30:32","slug":"plus-de-23-000-quintaux-de-cereales-recoltes-a-ouargla","status":"publish","type":"post","link":"https:\/\/linitiative.ca\/International\/plus-de-23-000-quintaux-de-cereales-recoltes-a-ouargla\/","title":{"rendered":"Plus de 23.000 quintaux de c\u00e9r\u00e9ales r\u00e9colt\u00e9s \u00e0 Ouargla"},"content":{"rendered":"<div>\n<div class=\"K2FeedImage\"><img decoding=\"async\" src=\"http:\/\/www.aps.dz\/media\/k2\/items\/cache\/b607495f65e5f88149a619ca55e6cc7a_S.jpg\" alt=\"Plus de 23.000 quintaux de c\u00e9r\u00e9ales r\u00e9colt\u00e9s \u00e0 Ouargla\"><\/div>\n<div class=\"K2FeedIntroText\">\n<p><strong>OUARGLA &#8211; Un peu plus de 23.060 quintaux de c\u00e9r\u00e9ales ont \u00e9t\u00e9 r\u00e9colt\u00e9s jusqu\u2019ici dans la wilaya d\u2019Ouargla, au titre de la campagne moisson-battage de la saison 2018\/2019, a-t-on, appris jeudi aupr\u00e8s de la direction locale des Services agricoles (DSA).<\/strong><\/p>\n<\/div>\n<div class=\"K2FeedFullText\">\n<p>Lanc\u00e9e depuis trois semaines, la campagne de moisson a donn\u00e9 lieu jusque-l\u00e0 \u00e0 la r\u00e9colte de pr\u00e8s de 16.385 quintaux de bl\u00e9 dur, 5.521 quintaux de bl\u00e9 tendre et 1.124 quintaux d\u2019orge, a-t-on pr\u00e9cis\u00e9.<\/p>\n<p>La r\u00e9colte a \u00e9t\u00e9 emmagasin\u00e9e au niveau de la coop\u00e9rative des c\u00e9r\u00e9ales et l\u00e9gumes secs (CCLS) au chef-lieu de wilaya, a ajout\u00e9 la source en signalant que pr\u00e8s de 9.000 quintaux de c\u00e9r\u00e9ales sont destin\u00e9s \u00e0 la consommation et plus de 14.000 quintaux comme semences.<\/p>\n<hr>\n<h3>Lire aussi:\u00a0<a href=\"http:\/\/www.aps.dz\/regions\/89444-cerealiculture-une-filiere-strategique-aux-perspectives-prometteuses-a-ouargla\" target=\"_blank\" rel=\"noopener noreferrer\">C\u00e9r\u00e9aliculture: une fili\u00e8re strat\u00e9gique aux perspectives prometteuses \u00e0 Ouargla<\/a><\/h3>\n<hr>\n<p>Pour les besoins de cette campagne, ont \u00e9t\u00e9 mobilis\u00e9s 15 moissonneuses, 50 camions et une vingtaine de tracteurs .<\/p>\n<blockquote>\n<p><em><strong>Les superficies d\u00e9di\u00e9es \u00e0 la c\u00e9r\u00e9aliculture, concentr\u00e9es notamment dans les zones de Hassid-Messaoud, Sidi-Khouiled, N\u2019goussa, El-Hedjaz et Ouargla, ont connu une extension entrainant, de fait, une hausse de la production qui devrait d\u00e9passer cette ann\u00e9e les 100.000 quintaux sur 3.010 hectares.<\/strong><\/em><\/p>\n<\/blockquote>\n<p>La wilaya projette, par ailleurs, d\u2019accroitre les installations d\u2019ensilage, actuellement au nombre de deux, l\u2019un \u00e0 Ouargla et l\u2019autre \u00e0 Touggourt.<\/p>\n<\/div>\n<\/div>\n<p>Auteur:<br \/>\n<a href=\"http:\/\/www.aps.dz\/regions\/89797-plus-de-23-000-quintaux-de-cereales-recoltes-a-ouargla\">Cliquez ici pour lire l&rsquo;article depuis sa source.<\/a><\/p>\n","protected":false},"excerpt":{"rendered":"<p>OUARGLA &#8211; Un peu plus de 23.060 quintaux de c\u00e9r\u00e9ales ont \u00e9t\u00e9 r\u00e9colt\u00e9s jusqu\u2019ici dans la wilaya d\u2019Ouargla, au titre de la campagne moisson-battage de la saison 2018\/2019, a-t-on, appris jeudi aupr\u00e8s de la direction locale des Services agricoles (DSA). Lanc\u00e9e depuis trois semaines, la campagne de moisson a donn\u00e9 lieu jusque-l\u00e0 \u00e0 la r\u00e9colte [&hellip;]<\/p>\n","protected":false},"author":1790,"featured_media":36128,"comment_status":"closed","ping_status":"closed","sticky":false,"template":"","format":"standard","meta":{"fifu_image_url":"","fifu_image_alt":"","footnotes":""},"categories":[53,76],"tags":[],"class_list":["post-36127","post","type-post","status-publish","format-standard","has-post-thumbnail","hentry","category-algerie","category-regions"],"_links":{"self":[{"href":"https:\/\/linitiative.ca\/International\/wp-json\/wp\/v2\/posts\/36127","targetHints":{"allow":["GET"]}}],"collection":[{"href":"https:\/\/linitiative.ca\/International\/wp-json\/wp\/v2\/posts"}],"about":[{"href":"https:\/\/linitiative.ca\/International\/wp-json\/wp\/v2\/types\/post"}],"author":[{"embeddable":true,"href":"https:\/\/linitiative.ca\/International\/wp-json\/wp\/v2\/users\/1790"}],"replies":[{"embeddable":true,"href":"https:\/\/linitiative.ca\/International\/wp-json\/wp\/v2\/comments?post=36127"}],"version-history":[{"count":0,"href":"https:\/\/linitiative.ca\/International\/wp-json\/wp\/v2\/posts\/36127\/revisions"}],"wp:featuredmedia":[{"embeddable":true,"href":"https:\/\/linitiative.ca\/International\/wp-json\/"}],"wp:attachment":[{"href":"https:\/\/linitiative.ca\/International\/wp-json\/wp\/v2\/media?parent=36127"}],"wp:term":[{"taxonomy":"category","embeddable":true,"href":"https:\/\/linitiative.ca\/International\/wp-json\/wp\/v2\/categories?post=36127"},{"taxonomy":"post_tag","embeddable":true,"href":"https:\/\/linitiative.ca\/International\/wp-json\/wp\/v2\/tags?post=36127"}],"curies":[{"name":"wp","href":"https:\/\/api.w.org\/{rel}","templated":true}]}}