{"id":36134,"date":"2019-05-23T12:07:15","date_gmt":"2019-05-23T16:07:15","guid":{"rendered":"https:\/\/linitiative.ca\/International\/commune-doran-debut-des-travaux-de-la-commission-denquete-sur-le-logement-social\/"},"modified":"2019-05-23T12:07:15","modified_gmt":"2019-05-23T16:07:15","slug":"commune-doran-debut-des-travaux-de-la-commission-denquete-sur-le-logement-social","status":"publish","type":"post","link":"https:\/\/linitiative.ca\/International\/commune-doran-debut-des-travaux-de-la-commission-denquete-sur-le-logement-social\/","title":{"rendered":"Commune d\u2019Oran: d\u00e9but des travaux de la commission d\u2019enqu\u00eate sur le logement social"},"content":{"rendered":"<div>\n<div class=\"K2FeedImage\"><img decoding=\"async\" src=\"http:\/\/www.aps.dz\/media\/k2\/items\/cache\/d2a2a0ba629d4fca203413ad3057abed_S.jpg\" alt=\"Commune d\u2019Oran: d\u00e9but des travaux de la commission d\u2019enqu\u00eate sur le logement social\"><\/div>\n<div class=\"K2FeedIntroText\">\n<p><strong>ORAN &#8211; Les travaux de la commission d&rsquo;enqu\u00eate sur le logement social ont d\u00e9but\u00e9 jeudi au niveau de la commune d\u2019Oran, dans la perspective de revoir l\u2019attribution du logement, particuli\u00e8rement dans cette commune, suspendue depuis 1996.<\/strong><\/p>\n<\/div>\n<div class=\"K2FeedFullText\">\n<p>Le wali d\u2019Oran, Mouloud Cherifi, a annonc\u00e9, \u00e0 l\u2019occasion d\u2019une rencontre qu\u2019il a pr\u00e9sid\u00e9e en pr\u00e9sence des \u00e9l\u00e9ments des brigades charg\u00e9s des enqu\u00eates au niveau des secteurs urbains, le retour de l\u2019attribution du logement social notamment dans la commune d\u2019Oran apr\u00e8s l\u2019ach\u00e8vement des enqu\u00eates de terrain qui devront d\u00e9finir les besoins des habitants de la commune.<\/p>\n<p>Il a expliqu\u00e9, \u00e0 ce sujet, que le quota dont b\u00e9n\u00e9ficiera la wilaya d\u2019Oran et ses grandes communes sera cons\u00e9quent, sans donner plus de d\u00e9tails ni de chiffres.<\/p>\n<p>La derni\u00e8re op\u00e9ration de distribution de logements sociaux, \u00e0 l\u2019indicatif de la commune d\u2019Oran remonte \u00e0 l\u2019ann\u00e9e 1996, selon les d\u00e9clarations du wali. Le programme de logements sociaux a \u00e9t\u00e9 remplac\u00e9 \u00ab\u00a0provisoirement\u00a0\u00bb par le programme de r\u00e9sorption de l\u2019habitat pr\u00e9caire (RHP).<\/p>\n<p>Le wali a rappel\u00e9 que depuis cette date, la priorit\u00e9 a \u00e9t\u00e9 accord\u00e9e au programme RHP sachant que la situation a provoqu\u00e9 une pression terrible sur le logement social, suscitant parfois la col\u00e8re des populations.<\/p>\n<p>Dans sa communication avec les membres des \u00e9quipes charg\u00e9es des enqu\u00eates, le wali a insist\u00e9 sur la cr\u00e9dibilit\u00e9, la responsabilit\u00e9, la transparence pour faciliter la mission des membres de la commission charg\u00e9s du logement social, ainsi que gagner la confiance des citoyens et \u00e0 ne pas c\u00e9der aux pressions d\u2019o\u00f9 qu\u2019elles viennent.<\/p>\n<p>\u00ab\u00a0Je n\u2019h\u00e9siterais pas \u00e0 faire des contre enqu\u00eates \u00e0 tout moment et je ne pardonnerai pas dans le cas o\u00f9 je trouverai des d\u00e9passements\u00a0\u00bb, a-t-il d\u00e9clar\u00e9.<\/p>\n<p>Il appartient aux enqu\u00eateurs de r\u00e9colter le maximum de demandes de logements sociaux et de prendre le temps n\u00e9cessaire pour faire leur travail dans les r\u00e8gles de l\u2019art et ce, pour permettre \u00e0 chacun d\u2019avoir son droit, le tout\u00a0 pour faciliter le travail de la commission de la wilaya en charge du logement social et les commissions existantes au niveau des da\u00efras, a ajout\u00e9 le m\u00eame responsable.<\/p>\n<p>Pour sa part, le chef de da\u00efra d\u2019Oran, Mourad Rahmouni, a soulign\u00e9 que le gel des attributions de logements sociaux remonte \u00e0 1996, une situation qui a cr\u00e9\u00e9 un grand cumul de demandes de cette formule de logements estim\u00e9es \u00e0 pr\u00e8s de 99.700 dossiers durant les derni\u00e8res ann\u00e9es.<\/p>\n<p>Apr\u00e8s assainissement des listes, le nombre de dossiers est pass\u00e9 \u00e0 37.430 pour se stabiliser, en dernier ressort et apr\u00e8s \u00e9tude des recours, \u00e0 42.107 dossiers.<\/p>\n<p>Les enqu\u00eateurs sur le terrain ont assur\u00e9 que tous les renseignements sur la demande de logements soient consign\u00e9s dans le document technique r\u00e9alis\u00e9 en deux volets, photocopi\u00e9s et gard\u00e9s chez eux, pour les besoins de l\u2019enqu\u00eate, en cas de d\u00e9placement, rappelant que le syst\u00e8me de notation des dossiers est li\u00e9 aux conditions d\u2019h\u00e9bergement.<\/p>\n<p>La priorit\u00e9 sera accord\u00e9e aux habitants des caves et des centres de transit, \u00e0 l\u2019exemple de quelques \u00e9coles qui abritent exceptionnellement des familles en attente de leur relogement, a-t-on pr\u00e9cis\u00e9.<\/p>\n<\/div>\n<\/div>\n<p>Auteur:<br \/>\n<a href=\"http:\/\/www.aps.dz\/regions\/89820-commune-d-oran-debut-des-travaux-de-la-commission-d-enquete-sur-le-logement-social\">Cliquez ici pour lire l&rsquo;article depuis sa source.<\/a><\/p>\n","protected":false},"excerpt":{"rendered":"<p>ORAN &#8211; Les travaux de la commission d&rsquo;enqu\u00eate sur le logement social ont d\u00e9but\u00e9 jeudi au niveau de la commune d\u2019Oran, dans la perspective de revoir l\u2019attribution du logement, particuli\u00e8rement dans cette commune, suspendue depuis 1996. Le wali d\u2019Oran, Mouloud Cherifi, a annonc\u00e9, \u00e0 l\u2019occasion d\u2019une rencontre qu\u2019il a pr\u00e9sid\u00e9e en pr\u00e9sence des \u00e9l\u00e9ments des [&hellip;]<\/p>\n","protected":false},"author":1790,"featured_media":36135,"comment_status":"closed","ping_status":"closed","sticky":false,"template":"","format":"standard","meta":{"fifu_image_url":"","fifu_image_alt":"","footnotes":""},"categories":[53,76],"tags":[],"class_list":["post-36134","post","type-post","status-publish","format-standard","has-post-thumbnail","hentry","category-algerie","category-regions"],"_links":{"self":[{"href":"https:\/\/linitiative.ca\/International\/wp-json\/wp\/v2\/posts\/36134","targetHints":{"allow":["GET"]}}],"collection":[{"href":"https:\/\/linitiative.ca\/International\/wp-json\/wp\/v2\/posts"}],"about":[{"href":"https:\/\/linitiative.ca\/International\/wp-json\/wp\/v2\/types\/post"}],"author":[{"embeddable":true,"href":"https:\/\/linitiative.ca\/International\/wp-json\/wp\/v2\/users\/1790"}],"replies":[{"embeddable":true,"href":"https:\/\/linitiative.ca\/International\/wp-json\/wp\/v2\/comments?post=36134"}],"version-history":[{"count":0,"href":"https:\/\/linitiative.ca\/International\/wp-json\/wp\/v2\/posts\/36134\/revisions"}],"wp:featuredmedia":[{"embeddable":true,"href":"https:\/\/linitiative.ca\/International\/wp-json\/"}],"wp:attachment":[{"href":"https:\/\/linitiative.ca\/International\/wp-json\/wp\/v2\/media?parent=36134"}],"wp:term":[{"taxonomy":"category","embeddable":true,"href":"https:\/\/linitiative.ca\/International\/wp-json\/wp\/v2\/categories?post=36134"},{"taxonomy":"post_tag","embeddable":true,"href":"https:\/\/linitiative.ca\/International\/wp-json\/wp\/v2\/tags?post=36134"}],"curies":[{"name":"wp","href":"https:\/\/api.w.org\/{rel}","templated":true}]}}