{"id":36158,"date":"2019-05-23T15:14:02","date_gmt":"2019-05-23T19:14:02","guid":{"rendered":"https:\/\/linitiative.ca\/International\/ligue-1-2-jsk-belgherbi-sera-maintenu\/"},"modified":"2019-05-23T15:14:02","modified_gmt":"2019-05-23T19:14:02","slug":"ligue-1-2-jsk-belgherbi-sera-maintenu","status":"publish","type":"post","link":"https:\/\/linitiative.ca\/International\/ligue-1-2-jsk-belgherbi-sera-maintenu\/","title":{"rendered":"Ligue 1 &amp; 2 : JSK: Belgherbi sera maintenu"},"content":{"rendered":"<div readability=\"32\">\n<p>Auteur : <span>Ly\u00e8s A.<\/span> <span class=\"time\">jeudi 23 mai 2019 12:15<\/span><\/p>\n<\/div>\n<div id=\"post_core\" readability=\"87\">\n<p>Incontestablement, l\u2019attaquant Abdelwahid Belgherbi aura \u00e9t\u00e9 l\u2019homme du match NAHD-JSK qu\u2019a abrit\u00e9 le stade du 20-Ao\u00fbt de Belouizdad, mardi soir, pour le compte de la 29e et avant-derni\u00e8re journ\u00e9e du championnat. Laiss\u00e9 sur le banc en d\u00e9but de match, l\u2019ex-attaquant de la JSMB a fait son entr\u00e9e en seconde mi-temps et quelle entr\u00e9e ! Un joli doubl\u00e9 qui a offert \u00e0 la JSK une victoire qui lui permet de revenir \u00e0 un seul point du leader l\u2019USMA, tenu en \u00e9chec \u00e0 domicile face au MCO. La JSK, qui a entam\u00e9 l\u2019exercice avec l\u2019objectif principal d\u2019assurer son maintien le plus rapidement possible, lutte d\u00e9sormais pour le titre et avec des chances consid\u00e9rables de le remporter. Un faux pas de l\u2019USMA \u00e0 Constantine conjugu\u00e9 \u00e0 un succ\u00e8s devant le CABBA \u00e0 Tizi Ouzou offrira la 15e \u00e9toile qu\u2019on accrochera sur le maillot du club le plus titr\u00e9 du pays. Cette victoire est celle du collectif, certes, mais un joueur a brill\u00e9 en la personne de Belgherbi, cet attaquant qu\u2019on a longtemps mis aux oubliettes. En effet, Belgherbi, qui a rejoint la JSK l\u2019hiver dernier en provenance de la JSMB, a \u00e9t\u00e9 align\u00e9 pour quelques matchs de la phase retour. Il a longtemps patient\u00e9, avant de se faire une place dans le onze de Dumas. Quand on le sollicite, il r\u00e9pond bien sur le terrain. Donn\u00e9 sur la liste des lib\u00e9r\u00e9s l\u2019\u00e9t\u00e9 prochain, cet attaquant n\u2019ira nulle part ailleurs, avons-nous appris d\u2019une source de la direction. Selon les dirigeants, il sera bel et bien maintenu dans l\u2019effectif. Belgherbi \u00e9tait toujours convaincu de ses qualit\u00e9s. Ainsi, en d\u00e9pit de son statut de rempla\u00e7ant, il a toujours boss\u00e9 d\u2019arrache-pied. Auteur de quatre r\u00e9alisations en cette phase retour, ce joueur s\u2019impatiente \u00e0 go\u00fbter \u00e0 la comp\u00e9tition africaine avec la JSK et promet de r\u00e9aliser un bon parcours.<br \/><strong>Mellal l\u2019a f\u00e9licit\u00e9 \u00e0 la fin du match<\/strong><br \/>Le pr\u00e9sident Cherif Mellal \u00e9tait tr\u00e8s content \u00e0 la fin du match. Il s\u2019est directement dirig\u00e9 vers les joueurs pour les f\u00e9liciter, vu leur rendement exemplaire et surtout pour leur demander de se concentrer sur le prochain match du CABBA, celui du titre. Le boss kabyle a particuli\u00e8rement f\u00e9licit\u00e9 Belgherbi, auteur d\u2019un joli doubl\u00e9 qui a offert au club la plus importante victoire de l\u2019a saison, en attendant le grand jour, dimanche prochain face au CABBA.<br \/><strong>Il a rat\u00e9 la reprise de l\u2019entra\u00eenement<\/strong><br \/>Auteur d\u2019une prestation de haute facture lors du pr\u00e9c\u00e9dent match devant le leader, \u00e0 Tizi Ouzou, avec \u00e0 la cl\u00e9 le premier but du match, l\u2019attaquant Belgherbi \u00e9tait s\u00fbr d\u2019\u00eatre reconduit devant le NAHD dans le onze rentrant. Malheureusement et en raison d\u2019une blessure \u00e0 la cheville, le staff m\u00e9dical l\u2019a m\u00e9nag\u00e9 de la premi\u00e8re s\u00e9ance d\u2019entra\u00eenement pour \u00e9viter toute complication.<br \/><strong>Le pari r\u00e9ussi de Dr Djadjoua<\/strong><br \/>En d\u00e9but de semaine, tout le monde a crois\u00e9 les doigts pour l\u2019attaquant Belgherbi, esp\u00e9rant le voir revenir le plus vite possible. Les dirigeants ont senti en lui cette ferveur et la hargne de secouer encore les filets et refusaient de le voir freiner. Le staff m\u00e9dical, le m\u00e9decin chef Djadjoua plus pr\u00e9cis\u00e9ment, a tout fait pour le r\u00e9cup\u00e9rer en un temps record, avant m\u00eame le deuxi\u00e8me entra\u00eenement de la semaine, ce qui a \u00e9t\u00e9 fait.<br \/><strong>Il sera titulaire contre le CABBA<\/strong><br \/>Sans aucune surprise, l\u2019attaquant Belgherbi, qui a marqu\u00e9 jusque-l\u00e0 4 buts, sera titulaire devant le CABBA dimanche prochain, pour le compte de la 30e et derni\u00e8re journ\u00e9e. Son objectif est de r\u00e9cidiver lors de la prochaine rencontre pour offrir \u00e0 la JSK sa quinzi\u00e8me \u00e9toile.<br \/><strong>\u00abLe soutien des supporters m\u2019a transcend\u00e9\u00bb<\/strong><br \/>Tr\u00e8s heureux d\u2019avoir contribu\u00e9 aux deux derni\u00e8res victoires contre l\u2019USMA et le NAHD, l\u2019attaquant Belgherbi affiche la pleine forme en cette fin de saison et promet d\u2019\u00eatre efficace face au CABBA. Apr\u00e8s avoir longtemps chauff\u00e9 le banc, suite \u00e0 son recrutement l\u2019hiver dernier, cet \u00e9l\u00e9ment a fini par s\u2019imposer. Interrog\u00e9 sur cette r\u00e9action de fin de saison, ce dernier a d\u00e9clar\u00e9 : \u00abJe n\u2019ai jamais dout\u00e9 de mes qualit\u00e9s. Ceux qui me connaissent ont toujours cru en moi. Dieu merci, j\u2019ai apport\u00e9 ma modeste contribution dans un moment important. Ce qui m\u2019a le plus encourag\u00e9, c\u2019est le soutien des fans, ce qui m\u2019a pemis de garder ma confiance et ma concentration. Le soutien du public m\u2019a transcend\u00e9, je lui d\u00e9die mon doubl\u00e9, tout en lui promettant de marquer ce dimanche, afin de terminer la saison en apoth\u00e9ose.\u00bb<\/p>\n<p><strong>Publi\u00e9 dans :<\/strong> <span>JSK<\/span> <span>Belgherbi<\/span> <span>Mellal<\/span><\/p>\n<\/div>\n<p>Auteur:<br \/>\n<a href=\"http:\/\/www.lebuteur.com\/article\/detail?titre=jsk-belgherbi-sera-maintenu&#038;id=89030&#038;utm_source=feedburner&#038;utm_medium=feed&#038;utm_campaign=Feed%3A+GalerieFArtciles+%28Les+derniers+articles++-+lebuteur.com%29\">Cliquez ici pour lire l&rsquo;article depuis sa source.<\/a><\/p>\n","protected":false},"excerpt":{"rendered":"<p>Auteur : Ly\u00e8s A. jeudi 23 mai 2019 12:15 Incontestablement, l\u2019attaquant Abdelwahid Belgherbi aura \u00e9t\u00e9 l\u2019homme du match NAHD-JSK qu\u2019a abrit\u00e9 le stade du 20-Ao\u00fbt de Belouizdad, mardi soir, pour le compte de la 29e et avant-derni\u00e8re journ\u00e9e du championnat. Laiss\u00e9 sur le banc en d\u00e9but de match, l\u2019ex-attaquant de la JSMB a fait son [&hellip;]<\/p>\n","protected":false},"author":1738,"featured_media":36159,"comment_status":"closed","ping_status":"closed","sticky":false,"template":"","format":"standard","meta":{"fifu_image_url":"","fifu_image_alt":"","footnotes":""},"categories":[53,75],"tags":[],"class_list":["post-36158","post","type-post","status-publish","format-standard","has-post-thumbnail","hentry","category-algerie","category-sport"],"_links":{"self":[{"href":"https:\/\/linitiative.ca\/International\/wp-json\/wp\/v2\/posts\/36158","targetHints":{"allow":["GET"]}}],"collection":[{"href":"https:\/\/linitiative.ca\/International\/wp-json\/wp\/v2\/posts"}],"about":[{"href":"https:\/\/linitiative.ca\/International\/wp-json\/wp\/v2\/types\/post"}],"author":[{"embeddable":true,"href":"https:\/\/linitiative.ca\/International\/wp-json\/wp\/v2\/users\/1738"}],"replies":[{"embeddable":true,"href":"https:\/\/linitiative.ca\/International\/wp-json\/wp\/v2\/comments?post=36158"}],"version-history":[{"count":0,"href":"https:\/\/linitiative.ca\/International\/wp-json\/wp\/v2\/posts\/36158\/revisions"}],"wp:featuredmedia":[{"embeddable":true,"href":"https:\/\/linitiative.ca\/International\/wp-json\/"}],"wp:attachment":[{"href":"https:\/\/linitiative.ca\/International\/wp-json\/wp\/v2\/media?parent=36158"}],"wp:term":[{"taxonomy":"category","embeddable":true,"href":"https:\/\/linitiative.ca\/International\/wp-json\/wp\/v2\/categories?post=36158"},{"taxonomy":"post_tag","embeddable":true,"href":"https:\/\/linitiative.ca\/International\/wp-json\/wp\/v2\/tags?post=36158"}],"curies":[{"name":"wp","href":"https:\/\/api.w.org\/{rel}","templated":true}]}}