{"id":36160,"date":"2019-05-23T15:14:03","date_gmt":"2019-05-23T19:14:03","guid":{"rendered":"https:\/\/linitiative.ca\/International\/ligue-1-2-jsk-belaili-ce-dimanche-on-fetera-le-titre-inchallah\/"},"modified":"2019-05-23T15:14:03","modified_gmt":"2019-05-23T19:14:03","slug":"ligue-1-2-jsk-belaili-ce-dimanche-on-fetera-le-titre-inchallah","status":"publish","type":"post","link":"https:\/\/linitiative.ca\/International\/ligue-1-2-jsk-belaili-ce-dimanche-on-fetera-le-titre-inchallah\/","title":{"rendered":"Ligue 1 &amp; 2 : JSK &#8211; Bela\u00efli: \u00abCe dimanche, on f\u00eatera le titre Inch\u2019Allah\u00bb"},"content":{"rendered":"<div readability=\"32\">\n<p>Auteur : <span>Rachid C.<\/span> <span class=\"time\">jeudi 23 mai 2019 12:15<\/span><\/p>\n<\/div>\n<div id=\"post_core\" readability=\"58\">\n<p>Homme fort de ce match face au NAHD, le lat\u00e9ral droit de la JSK, Amir Bela\u00efli, \u00e9tait tout heureux \u00e0 l\u2019issue de la partie, \u00e0 l\u2019instar de ses co\u00e9quipiers. Il assure que l\u2019\u00e9quipe a r\u00e9alis\u00e9 l\u2019essentiel, en attendant de cr\u00e9er l\u2019exploit en gagnant le titre de champion ce dimanche face au CABBA, au stade du 1er-Novembre de Tizi-Ouzou.<br \/><strong>Un commentaire sur cette belle victoire face au NAHD ?<\/strong><br \/>On savait que le match allait \u00eatre difficile pour nous devant une bonne \u00e9quipe du NAHD tr\u00e8s difficile \u00e0 manier chez elle. Ils avaient besoin d\u2019un point pour valider leur maintien d\u00e9finitivement et nous, on cherchait la victoire pour garder l\u2019espoir de jouer le titre jusqu\u2019au bout. El Hamdoulilah, on a donn\u00e9 le meilleur de nous-m\u00eames et on a remport\u00e9 la victoire qu\u2019on est venus chercher.<br \/><strong>Malgr\u00e9 l\u2019\u00e9galisation du NAHD, votre \u00e9quipe a gard\u00e9 son calme et a su comment reprendre, quelques minutes plus tard, l\u2019avantage\u2026<\/strong><br \/>Bien s\u00fbr. On avait confiance en nos qualit\u00e9s et on savait qu\u2019on pouvait gagner ce match face au NAHD, malgr\u00e9 sa difficult\u00e9. On y a cru jusqu\u2019au bout et on a \u00e9t\u00e9 r\u00e9compens\u00e9s au final. On joue pour le titre et vous savez tr\u00e8s bien que quand une \u00e9quipe joue pour gagner le titre, elle ne doit pas avoir peur. Qu\u2019elle joue \u00e0 domicile ou \u00e0 l\u2019ext\u00e9rieur, c\u2019est pareil.<br \/><strong>L\u2019USMA a \u00e9t\u00e9 accroch\u00e9e chez elle par le MCO, ce qui signifie que vos chances sont grandes de remporter le championnat\u2026<\/strong><br \/>Exactement. Dieu merci, on a fait le job en l\u2019emportant face au NAHD. Maintenant tout va se jouer lors de l\u2019ultime journ\u00e9e. On t\u00e2chera de bien se pr\u00e9parer pour cette rencontre face au CABBA. On n\u2019aura qu\u2019un mot d\u2019ordre : gagner et on verra apr\u00e8s ce que va donner le r\u00e9sultat du match qui opposera l\u2019USMA au CSC.<br \/><strong>L\u2019euphorie est \u00e9norme aujourd\u2019hui au sein du groupe. C\u2019est comme si vous aviez d\u00e9j\u00e0 remport\u00e9 le titre\u2026<\/strong><br \/>La joie est \u00e9norme car on a su maintenir le suspense jusqu\u2019\u00e0 la derni\u00e8re journ\u00e9e. Je le r\u00e9p\u00e8te, ce n\u2019est jamais facile de venir s\u2019imposer devant le NAHD sur son terrain. On a vraiment tout donn\u00e9 pour remporter ces trois pr\u00e9cieux points. Maintenant, tout reste possible et inch\u2019Allah, on parviendra \u00e0 gagner le championnat dimanche prochain.<br \/><strong>L\u2019apport des supporters ce soir fut incontestable\u2026<\/strong><br \/>Et comment ! Je remercie \u00e9norm\u00e9ment nos supporters qui se sont d\u00e9plac\u00e9s en masse pour venir nous soutenir. Cette victoire, c\u2019est \u00e0 eux qu\u2019on la d\u00e9die. Je leur demande de venir encore plus nombreux lors du dernier match face au CABBA au stade du 1er-Novembre et inch\u2019Allah, on sera champions.<\/p>\n<p><strong>Publi\u00e9 dans :<\/strong> <span>Bela\u00efli<\/span> <span>JSK<\/span> <span>CABBA<\/span><\/p>\n<\/div>\n<p>Auteur:<br \/>\n<a href=\"http:\/\/www.lebuteur.com\/article\/detail?titre=jsk-belaili-ce-dimanche-on-fetera-le-titre-inchallah&#038;id=89029&#038;utm_source=feedburner&#038;utm_medium=feed&#038;utm_campaign=Feed%3A+GalerieFArtciles+%28Les+derniers+articles++-+lebuteur.com%29\">Cliquez ici pour lire l&rsquo;article depuis sa source.<\/a><\/p>\n","protected":false},"excerpt":{"rendered":"<p>Auteur : Rachid C. jeudi 23 mai 2019 12:15 Homme fort de ce match face au NAHD, le lat\u00e9ral droit de la JSK, Amir Bela\u00efli, \u00e9tait tout heureux \u00e0 l\u2019issue de la partie, \u00e0 l\u2019instar de ses co\u00e9quipiers. Il assure que l\u2019\u00e9quipe a r\u00e9alis\u00e9 l\u2019essentiel, en attendant de cr\u00e9er l\u2019exploit en gagnant le titre de [&hellip;]<\/p>\n","protected":false},"author":1738,"featured_media":36161,"comment_status":"closed","ping_status":"closed","sticky":false,"template":"","format":"standard","meta":{"fifu_image_url":"","fifu_image_alt":"","footnotes":""},"categories":[53,75],"tags":[],"class_list":["post-36160","post","type-post","status-publish","format-standard","has-post-thumbnail","hentry","category-algerie","category-sport"],"_links":{"self":[{"href":"https:\/\/linitiative.ca\/International\/wp-json\/wp\/v2\/posts\/36160","targetHints":{"allow":["GET"]}}],"collection":[{"href":"https:\/\/linitiative.ca\/International\/wp-json\/wp\/v2\/posts"}],"about":[{"href":"https:\/\/linitiative.ca\/International\/wp-json\/wp\/v2\/types\/post"}],"author":[{"embeddable":true,"href":"https:\/\/linitiative.ca\/International\/wp-json\/wp\/v2\/users\/1738"}],"replies":[{"embeddable":true,"href":"https:\/\/linitiative.ca\/International\/wp-json\/wp\/v2\/comments?post=36160"}],"version-history":[{"count":0,"href":"https:\/\/linitiative.ca\/International\/wp-json\/wp\/v2\/posts\/36160\/revisions"}],"wp:featuredmedia":[{"embeddable":true,"href":"https:\/\/linitiative.ca\/International\/wp-json\/"}],"wp:attachment":[{"href":"https:\/\/linitiative.ca\/International\/wp-json\/wp\/v2\/media?parent=36160"}],"wp:term":[{"taxonomy":"category","embeddable":true,"href":"https:\/\/linitiative.ca\/International\/wp-json\/wp\/v2\/categories?post=36160"},{"taxonomy":"post_tag","embeddable":true,"href":"https:\/\/linitiative.ca\/International\/wp-json\/wp\/v2\/tags?post=36160"}],"curies":[{"name":"wp","href":"https:\/\/api.w.org\/{rel}","templated":true}]}}