{"id":36162,"date":"2019-05-23T15:14:04","date_gmt":"2019-05-23T19:14:04","guid":{"rendered":"https:\/\/linitiative.ca\/International\/ligue-1-2-jsk-ghiles-mellal-on-a-prouve-que-notre-projet-etait-solide\/"},"modified":"2019-05-23T15:14:04","modified_gmt":"2019-05-23T19:14:04","slug":"ligue-1-2-jsk-ghiles-mellal-on-a-prouve-que-notre-projet-etait-solide","status":"publish","type":"post","link":"https:\/\/linitiative.ca\/International\/ligue-1-2-jsk-ghiles-mellal-on-a-prouve-que-notre-projet-etait-solide\/","title":{"rendered":"Ligue 1 &amp; 2 : JSK : Ghiles Mellal : \u00abOn a prouv\u00e9 que notre projet \u00e9tait solide\u00bb"},"content":{"rendered":"<div readability=\"32\">\n<p>Auteur : <span>Sa\u00efd D.<\/span> <span class=\"time\">jeudi 23 mai 2019 12:15<\/span><\/p>\n<\/div>\n<div id=\"post_core\" readability=\"60\">\n<p>C\u2019est un Ghiles Mellal tout heureux du bel exploit r\u00e9alis\u00e9 par son \u00e9quipe que nous avons rencontr\u00e9 lors de cette fin de rencontre ayant oppos\u00e9 la JSK au NAHD au stade du 20-Ao\u00fbt-1955. Le fr\u00e8re du pr\u00e9sident s\u2019est f\u00e9licit\u00e9 de la belle prestation des joueurs et de cette victoire qui permet au club phare de la Kabylie de continuer \u00e0 croire en un possible sacre de champion d\u2019Alg\u00e9rie cette saison, notamment apr\u00e8s la d\u00e9convenue subie par l\u2019USMA \u00e0 domicile face au MC Oran. Ghiles Mellal estime que le projet trac\u00e9 par la direction en d\u00e9but de saison commence \u00e0 payer et appelle tout le monde \u00e0 l\u2019union sacr\u00e9e autour du club : \u00ab Aujourd\u2019hui on a prouv\u00e9 qu\u2019on pouvait se battre jusqu\u2019\u00e0 la derni\u00e8re minute pour ce championnat. Quel que soit le r\u00e9sultat de dimanche, nous avons d\u00e9j\u00e0 prouv\u00e9 que le projet que nous avons apport\u00e9 est un projet solide qui se base sur une strat\u00e9gie appropri\u00e9e par rapport \u00e0 ce qu\u2019on a trouv\u00e9 au sein du club. Je demande aux supporters de ne surtout pas oublier cela et de rester toujours \u00e0 nos cot\u00e9s \u00bb.<\/p>\n<p><strong>\u00abOn est d\u00e9j\u00e0 assur\u00e9s de jouer la LDC et c\u2019est important\u00bb<\/strong><br \/>Ghiles Mellal a estim\u00e9 que le plus important en battant le NAHD avant-hier est que l\u2019\u00e9quipe a r\u00e9ussi \u00e0 assurer une place parmi les deux premiers, synonyme d\u2019une participation la saison prochaine \u00e0 la Ligue des champions africaine. Une comp\u00e9tition \u00e0 laquelle la JSK n\u2019a pas pris part depuis 5 ans : \u00ab Ce que je retiens le plus de cette soir\u00e9e, c\u2019est que le club s\u2019est d\u00e9j\u00e0 assur\u00e9 la participation \u00e0 la Ligue des champions la saison prochaine. C\u2019est tr\u00e8s important surtout avec une \u00e9quipe compos\u00e9e essentiellement de jeunes. Je pense que personne n\u2019a pari\u00e9 sur nous en d\u00e9but de saison. Je remercie vraiment tous ceux qui ont contribu\u00e9 \u00e0 cela depuis le d\u00e9but \u00bb.<\/p>\n<p><strong>\u00abNous allons remettre la JSK sur la sc\u00e8ne\u00bb \u00a0<\/strong><br \/>Et d\u2019encha\u00eener : \u00ab Nous allons continuer notre projet jusqu\u2019au bout et l\u2019am\u00e9liorer du mieux qu\u2019on pourra. Je remercie tous ceux qui nous ont soutenus d\u00e8s le d\u00e9but et m\u00eame ceux qui nous critiquaient. C\u2019est tant mieux car \u00e7a nous fait avancer, mais je demande juste qu\u2019on ne verse pas dans l\u2019insulte car c\u2019est facile d\u2019insulter les gens derri\u00e8re des \u00e9crans. Nous on est l\u00e0 pour travailler et le plus important est de remettre cette l\u00e9gende qui est la JSK sur le devant de la sc\u00e8ne \u00bb.<\/p>\n<p><strong>\u00abJe remercie les supporters de s\u2019\u00eatre d\u00e9plac\u00e9s en masse pour soutenir l\u2019\u00e9quipe\u00bb<\/strong><br \/>Une nouvelle fois, Ghiles Mellal a tenu \u00e0 saluer les supporters qui, malgr\u00e9 le je\u00fbne, se sont d\u00e9plac\u00e9s en masse mardi soir au stade du 20-Ao\u00fbt-1955 pour soutenir l\u2019\u00e9quipe et lui permettre de croire \u00e0 un 15e titre de champion d\u2019Alg\u00e9rie : \u00ab Ce fut une tr\u00e8s belle victoire face au NAHD au terme d\u2019un match intense. Il y avait beaucoup de suspense. C\u2019est des soir\u00e9es comme \u00e7a qui font remettre le football alg\u00e9rien au premier plan. On est heureux d\u2019y contribuer. Je tiens aussi \u00e0 remercier les supporters qui se sont d\u00e9plac\u00e9s en masse au stade du 20-Ao\u00fbt pour\u00a0 leur soutien. Je remercie aussi les joueurs qui se sont donn\u00e9s \u00e0 fond sur le terrain \u00bb.<br \/>\u00a0<\/p>\n<p><strong>Publi\u00e9 dans :<\/strong> <span>JSK<\/span> <span>Nahd<\/span> <span>Ghiles Mellal<\/span><\/p>\n<\/div>\n<p>Auteur:<br \/>\n<a href=\"http:\/\/www.lebuteur.com\/article\/detail?titre=jsk-ghiles-mellal-on-a-prouve-que-notre-projet-etait-solide&#038;id=89028&#038;utm_source=feedburner&#038;utm_medium=feed&#038;utm_campaign=Feed%3A+GalerieFArtciles+%28Les+derniers+articles++-+lebuteur.com%29\">Cliquez ici pour lire l&rsquo;article depuis sa source.<\/a><\/p>\n","protected":false},"excerpt":{"rendered":"<p>Auteur : Sa\u00efd D. jeudi 23 mai 2019 12:15 C\u2019est un Ghiles Mellal tout heureux du bel exploit r\u00e9alis\u00e9 par son \u00e9quipe que nous avons rencontr\u00e9 lors de cette fin de rencontre ayant oppos\u00e9 la JSK au NAHD au stade du 20-Ao\u00fbt-1955. Le fr\u00e8re du pr\u00e9sident s\u2019est f\u00e9licit\u00e9 de la belle prestation des joueurs et [&hellip;]<\/p>\n","protected":false},"author":1738,"featured_media":36163,"comment_status":"closed","ping_status":"closed","sticky":false,"template":"","format":"standard","meta":{"fifu_image_url":"","fifu_image_alt":"","footnotes":""},"categories":[53,75],"tags":[],"class_list":["post-36162","post","type-post","status-publish","format-standard","has-post-thumbnail","hentry","category-algerie","category-sport"],"_links":{"self":[{"href":"https:\/\/linitiative.ca\/International\/wp-json\/wp\/v2\/posts\/36162","targetHints":{"allow":["GET"]}}],"collection":[{"href":"https:\/\/linitiative.ca\/International\/wp-json\/wp\/v2\/posts"}],"about":[{"href":"https:\/\/linitiative.ca\/International\/wp-json\/wp\/v2\/types\/post"}],"author":[{"embeddable":true,"href":"https:\/\/linitiative.ca\/International\/wp-json\/wp\/v2\/users\/1738"}],"replies":[{"embeddable":true,"href":"https:\/\/linitiative.ca\/International\/wp-json\/wp\/v2\/comments?post=36162"}],"version-history":[{"count":0,"href":"https:\/\/linitiative.ca\/International\/wp-json\/wp\/v2\/posts\/36162\/revisions"}],"wp:featuredmedia":[{"embeddable":true,"href":"https:\/\/linitiative.ca\/International\/wp-json\/"}],"wp:attachment":[{"href":"https:\/\/linitiative.ca\/International\/wp-json\/wp\/v2\/media?parent=36162"}],"wp:term":[{"taxonomy":"category","embeddable":true,"href":"https:\/\/linitiative.ca\/International\/wp-json\/wp\/v2\/categories?post=36162"},{"taxonomy":"post_tag","embeddable":true,"href":"https:\/\/linitiative.ca\/International\/wp-json\/wp\/v2\/tags?post=36162"}],"curies":[{"name":"wp","href":"https:\/\/api.w.org\/{rel}","templated":true}]}}