{"id":36164,"date":"2019-05-23T15:14:05","date_gmt":"2019-05-23T19:14:05","guid":{"rendered":"https:\/\/linitiative.ca\/International\/international-bayern-hoeness-confirme-un-interet-pour-leroy-sane\/"},"modified":"2019-05-23T15:14:05","modified_gmt":"2019-05-23T19:14:05","slug":"international-bayern-hoeness-confirme-un-interet-pour-leroy-sane","status":"publish","type":"post","link":"https:\/\/linitiative.ca\/International\/international-bayern-hoeness-confirme-un-interet-pour-leroy-sane\/","title":{"rendered":"International : Bayern : Hoeness confirme un int\u00e9r\u00eat pour Leroy San\u00e9"},"content":{"rendered":"<div readability=\"32\">\n<p>Auteur : <span class=\"time\">jeudi 23 mai 2019 18:45<\/span><\/p>\n<\/div>\n<div id=\"post_core\" readability=\"39\">\n<p>L&rsquo;international allemand est toujours sous contrat avec Manchester City jusqu&rsquo;en 2021 et son entra\u00eeneur Pep Guardiola souhaite le conserver dans son effectif en vue de la saison prochaine. Pour autant, le club pourrait envisager de le vendre, notamment en raison des menaces de sanction li\u00e9es au fair play financier.<\/p>\n<p><strong>Publi\u00e9 dans :<\/strong> <span>Bayern<\/span> <span>Hoeness<\/span> <span>Leroy Sane<\/span><\/p>\n<\/div>\n<p>Auteur:<br \/>\n<a href=\"http:\/\/www.lebuteur.com\/article\/detail?titre=bayern-hoeness-confirme-un-interet-pour-leroy-sane&#038;id=89048&#038;utm_source=feedburner&#038;utm_medium=feed&#038;utm_campaign=Feed%3A+GalerieFArtciles+%28Les+derniers+articles++-+lebuteur.com%29\">Cliquez ici pour lire l&rsquo;article depuis sa source.<\/a><\/p>\n","protected":false},"excerpt":{"rendered":"<p>Auteur : jeudi 23 mai 2019 18:45 L&rsquo;international allemand est toujours sous contrat avec Manchester City jusqu&rsquo;en 2021 et son entra\u00eeneur Pep Guardiola souhaite le conserver dans son effectif en vue de la saison prochaine. Pour autant, le club pourrait envisager de le vendre, notamment en raison des menaces de sanction li\u00e9es au fair play [&hellip;]<\/p>\n","protected":false},"author":1738,"featured_media":36165,"comment_status":"closed","ping_status":"closed","sticky":false,"template":"","format":"standard","meta":{"fifu_image_url":"","fifu_image_alt":"","footnotes":""},"categories":[53,75],"tags":[],"class_list":["post-36164","post","type-post","status-publish","format-standard","has-post-thumbnail","hentry","category-algerie","category-sport"],"_links":{"self":[{"href":"https:\/\/linitiative.ca\/International\/wp-json\/wp\/v2\/posts\/36164","targetHints":{"allow":["GET"]}}],"collection":[{"href":"https:\/\/linitiative.ca\/International\/wp-json\/wp\/v2\/posts"}],"about":[{"href":"https:\/\/linitiative.ca\/International\/wp-json\/wp\/v2\/types\/post"}],"author":[{"embeddable":true,"href":"https:\/\/linitiative.ca\/International\/wp-json\/wp\/v2\/users\/1738"}],"replies":[{"embeddable":true,"href":"https:\/\/linitiative.ca\/International\/wp-json\/wp\/v2\/comments?post=36164"}],"version-history":[{"count":0,"href":"https:\/\/linitiative.ca\/International\/wp-json\/wp\/v2\/posts\/36164\/revisions"}],"wp:featuredmedia":[{"embeddable":true,"href":"https:\/\/linitiative.ca\/International\/wp-json\/"}],"wp:attachment":[{"href":"https:\/\/linitiative.ca\/International\/wp-json\/wp\/v2\/media?parent=36164"}],"wp:term":[{"taxonomy":"category","embeddable":true,"href":"https:\/\/linitiative.ca\/International\/wp-json\/wp\/v2\/categories?post=36164"},{"taxonomy":"post_tag","embeddable":true,"href":"https:\/\/linitiative.ca\/International\/wp-json\/wp\/v2\/tags?post=36164"}],"curies":[{"name":"wp","href":"https:\/\/api.w.org\/{rel}","templated":true}]}}