{"id":36166,"date":"2019-05-23T15:14:06","date_gmt":"2019-05-23T19:14:06","guid":{"rendered":"https:\/\/linitiative.ca\/International\/international-psg-rabiot-prive-dentrainement\/"},"modified":"2019-05-23T15:14:06","modified_gmt":"2019-05-23T19:14:06","slug":"international-psg-rabiot-prive-dentrainement","status":"publish","type":"post","link":"https:\/\/linitiative.ca\/International\/international-psg-rabiot-prive-dentrainement\/","title":{"rendered":"International : PSG : Rabiot priv\u00e9 d\u2019entra\u00eenement ?"},"content":{"rendered":"<div readability=\"32\">\n<p>Auteur : <span class=\"time\">jeudi 23 mai 2019 19:00<\/span><\/p>\n<\/div>\n<div id=\"post_core\" readability=\"45\">\n<p>Un entra\u00eenement auquel devait participer Adrien Rabiot (24 ans). Le milieu de terrain dont le contrat avec son club formateur expire en juin prochain, va s\u2019envoler vers d\u2019autres cieux cet \u00e9t\u00e9.<\/p>\n<p>Et apr\u00e8s une saison rocambolesque, \u00e9maill\u00e9e par des conflits perp\u00e9tuels avec les dirigeants parisiens, Rabiot devait donc tirer sa r\u00e9v\u00e9rence apr\u00e8s cet ultime entra\u00eenement. Mais selon les informations du Parisien et Footmercato, l\u2019international fran\u00e7ais qui se trouvait bien au camp des Loges, n\u2019a pas particip\u00e9 \u00e0 la s\u00e9ance\u00a0! Le myst\u00e8re demeurait entier sur la raison de cette absence surprise&#8230;<\/p>\n<p><strong>Publi\u00e9 dans :<\/strong> <span>PSG<\/span> <span>Rabiot<\/span><\/p>\n<\/div>\n<p>Auteur:<br \/>\n<a href=\"http:\/\/www.lebuteur.com\/article\/detail?titre=psg-rabiot-prive-dentrainement&#038;id=89053&#038;utm_source=feedburner&#038;utm_medium=feed&#038;utm_campaign=Feed%3A+GalerieFArtciles+%28Les+derniers+articles++-+lebuteur.com%29\">Cliquez ici pour lire l&rsquo;article depuis sa source.<\/a><\/p>\n","protected":false},"excerpt":{"rendered":"<p>Auteur : jeudi 23 mai 2019 19:00 Un entra\u00eenement auquel devait participer Adrien Rabiot (24 ans). Le milieu de terrain dont le contrat avec son club formateur expire en juin prochain, va s\u2019envoler vers d\u2019autres cieux cet \u00e9t\u00e9. Et apr\u00e8s une saison rocambolesque, \u00e9maill\u00e9e par des conflits perp\u00e9tuels avec les dirigeants parisiens, Rabiot devait donc [&hellip;]<\/p>\n","protected":false},"author":1738,"featured_media":36167,"comment_status":"closed","ping_status":"closed","sticky":false,"template":"","format":"standard","meta":{"fifu_image_url":"","fifu_image_alt":"","footnotes":""},"categories":[53,75],"tags":[],"class_list":["post-36166","post","type-post","status-publish","format-standard","has-post-thumbnail","hentry","category-algerie","category-sport"],"_links":{"self":[{"href":"https:\/\/linitiative.ca\/International\/wp-json\/wp\/v2\/posts\/36166","targetHints":{"allow":["GET"]}}],"collection":[{"href":"https:\/\/linitiative.ca\/International\/wp-json\/wp\/v2\/posts"}],"about":[{"href":"https:\/\/linitiative.ca\/International\/wp-json\/wp\/v2\/types\/post"}],"author":[{"embeddable":true,"href":"https:\/\/linitiative.ca\/International\/wp-json\/wp\/v2\/users\/1738"}],"replies":[{"embeddable":true,"href":"https:\/\/linitiative.ca\/International\/wp-json\/wp\/v2\/comments?post=36166"}],"version-history":[{"count":0,"href":"https:\/\/linitiative.ca\/International\/wp-json\/wp\/v2\/posts\/36166\/revisions"}],"wp:featuredmedia":[{"embeddable":true,"href":"https:\/\/linitiative.ca\/International\/wp-json\/"}],"wp:attachment":[{"href":"https:\/\/linitiative.ca\/International\/wp-json\/wp\/v2\/media?parent=36166"}],"wp:term":[{"taxonomy":"category","embeddable":true,"href":"https:\/\/linitiative.ca\/International\/wp-json\/wp\/v2\/categories?post=36166"},{"taxonomy":"post_tag","embeddable":true,"href":"https:\/\/linitiative.ca\/International\/wp-json\/wp\/v2\/tags?post=36166"}],"curies":[{"name":"wp","href":"https:\/\/api.w.org\/{rel}","templated":true}]}}