{"id":36168,"date":"2019-05-23T15:14:18","date_gmt":"2019-05-23T19:14:18","guid":{"rendered":"https:\/\/linitiative.ca\/International\/pros-un-club-saoudien-pret-a-casser-sa-tirelire-pour-soffrir-les-services-de-feghouli\/"},"modified":"2019-05-23T15:14:18","modified_gmt":"2019-05-23T19:14:18","slug":"pros-un-club-saoudien-pret-a-casser-sa-tirelire-pour-soffrir-les-services-de-feghouli","status":"publish","type":"post","link":"https:\/\/linitiative.ca\/International\/pros-un-club-saoudien-pret-a-casser-sa-tirelire-pour-soffrir-les-services-de-feghouli\/","title":{"rendered":"Pros : Un club saoudien pr\u00eat \u00e0 casser sa tirelire pour s\u2019offrir les services de Feghouli"},"content":{"rendered":"<div readability=\"32\">\n<p>Auteur : <span class=\"time\">jeudi 23 mai 2019 19:49<\/span><\/p>\n<\/div>\n<div id=\"post_core\" readability=\"39\">\n<p>Auteur d\u2019une superbe deuxi\u00e8me saison avec son club cette ann\u00e9e, l\u2019Alg\u00e9rien Sofiane Feghouli aura l\u2019un des grands artisans du doubl\u00e9 r\u00e9ussi par son \u00e9quipe en Turquie. La presse Stambouliote a r\u00e9v\u00e9l\u00e9 ce jeudi que la direction du Galatasaray aurait repouss\u00e9e une\u00a0 proposition concr\u00e8te \u00e9manant d\u2019une \u00e9quipe du championnat saoudien, \u00e0 savoir Al Faiha, entrain\u00e9e par l\u2019Alg\u00e9rien Noureddine Zekri. On parle d\u2019une offre de 16 million d&rsquo;euros propos\u00e9e pour convaincre la direction du club d&rsquo;Istanbul pour conclure le transfert de l&rsquo;attaquant alg\u00e9rien cet \u00e9t\u00e9 et d\u2019un salaire annuel de 5,5 Millions d\u2019Euros pour l\u2019Alg\u00e9rien.<\/p>\n<p><strong>Publi\u00e9 dans :<\/strong> <span>Feghouli<\/span><\/p>\n<\/div>\n<p>Auteur:<br \/>\n<a href=\"http:\/\/www.lebuteur.com\/article\/detail?titre=un-club-saoudien-pret-a-casser-sa-tirelire-pour-soffrir-les-services-de-feghouli&#038;id=89057&#038;utm_source=feedburner&#038;utm_medium=feed&#038;utm_campaign=Feed%3A+GalerieFArtciles+%28Les+derniers+articles++-+lebuteur.com%29\">Cliquez ici pour lire l&rsquo;article depuis sa source.<\/a><\/p>\n","protected":false},"excerpt":{"rendered":"<p>Auteur : jeudi 23 mai 2019 19:49 Auteur d\u2019une superbe deuxi\u00e8me saison avec son club cette ann\u00e9e, l\u2019Alg\u00e9rien Sofiane Feghouli aura l\u2019un des grands artisans du doubl\u00e9 r\u00e9ussi par son \u00e9quipe en Turquie. La presse Stambouliote a r\u00e9v\u00e9l\u00e9 ce jeudi que la direction du Galatasaray aurait repouss\u00e9e une\u00a0 proposition concr\u00e8te \u00e9manant d\u2019une \u00e9quipe du championnat [&hellip;]<\/p>\n","protected":false},"author":1738,"featured_media":36169,"comment_status":"closed","ping_status":"closed","sticky":false,"template":"","format":"standard","meta":{"fifu_image_url":"","fifu_image_alt":"","footnotes":""},"categories":[53,75],"tags":[],"class_list":["post-36168","post","type-post","status-publish","format-standard","has-post-thumbnail","hentry","category-algerie","category-sport"],"_links":{"self":[{"href":"https:\/\/linitiative.ca\/International\/wp-json\/wp\/v2\/posts\/36168","targetHints":{"allow":["GET"]}}],"collection":[{"href":"https:\/\/linitiative.ca\/International\/wp-json\/wp\/v2\/posts"}],"about":[{"href":"https:\/\/linitiative.ca\/International\/wp-json\/wp\/v2\/types\/post"}],"author":[{"embeddable":true,"href":"https:\/\/linitiative.ca\/International\/wp-json\/wp\/v2\/users\/1738"}],"replies":[{"embeddable":true,"href":"https:\/\/linitiative.ca\/International\/wp-json\/wp\/v2\/comments?post=36168"}],"version-history":[{"count":0,"href":"https:\/\/linitiative.ca\/International\/wp-json\/wp\/v2\/posts\/36168\/revisions"}],"wp:featuredmedia":[{"embeddable":true,"href":"https:\/\/linitiative.ca\/International\/wp-json\/"}],"wp:attachment":[{"href":"https:\/\/linitiative.ca\/International\/wp-json\/wp\/v2\/media?parent=36168"}],"wp:term":[{"taxonomy":"category","embeddable":true,"href":"https:\/\/linitiative.ca\/International\/wp-json\/wp\/v2\/categories?post=36168"},{"taxonomy":"post_tag","embeddable":true,"href":"https:\/\/linitiative.ca\/International\/wp-json\/wp\/v2\/tags?post=36168"}],"curies":[{"name":"wp","href":"https:\/\/api.w.org\/{rel}","templated":true}]}}