{"id":36182,"date":"2019-05-23T05:00:00","date_gmt":"2019-05-23T09:00:00","guid":{"rendered":"https:\/\/linitiative.ca\/International\/une-des-places-fortes-de-la-contestation-dans-la-capitale-le-parvis-de-la-grande-poste-barricade\/"},"modified":"2019-05-23T05:00:00","modified_gmt":"2019-05-23T09:00:00","slug":"une-des-places-fortes-de-la-contestation-dans-la-capitale-le-parvis-de-la-grande-poste-barricade","status":"publish","type":"post","link":"https:\/\/linitiative.ca\/International\/une-des-places-fortes-de-la-contestation-dans-la-capitale-le-parvis-de-la-grande-poste-barricade\/","title":{"rendered":"Une des places fortes de la contestation dans la capitale : Le parvis de la Grande-Poste barricad\u00e9"},"content":{"rendered":"<h4 class=\"title-14\"\/>\n<div class=\"featured_image\"><img width=\"800\" height=\"597\" data-cfsrc=\"https:\/\/www.elwatan.com\/wp-content\/uploads\/2019\/05\/poste-e1558574992281.jpg\" class=\"attachment-post-thumbnail size-post-thumbnail wp-post-image c1\" alt=\"\"\/><noscript><\/p>\n<p><img loading=\"lazy\" decoding=\"async\" width=\"800\" height=\"597\" src=\"https:\/\/www.elwatan.com\/wp-content\/uploads\/2019\/05\/poste-e1558574992281.jpg\" class=\"attachment-post-thumbnail size-post-thumbnail wp-post-image\" alt=\"\"\/><\/p>\n<p><\/noscript> <span class=\"featured-image-caption\">( photo : h. Ly\u00e8s )<\/span><\/div>\n<p>Le parvis de la Grande-Poste, une des places fortes de la contestation\u00a0dans la capitale, n\u2019est plus accessible aux manifestants. Dans la soir\u00e9e de mardi, des employ\u00e9s de la Ville d\u2019Alger avaient install\u00e9 des\u00a0barri\u00e8res m\u00e9talliques tout le long de l\u2019escalier, \u00e0 la veille d\u2019un 14e vendredi cons\u00e9cutif de contestation antir\u00e9gime.<\/p>\n<p>Hier encore, des dizaines de fourgons cellulaires de la police \u00e9taient stationn\u00e9s autour de cet\u00a0\u00e9difice\u00a0centenaire, pour\u00a0emp\u00eacher des badauds ou d\u2019\u00e9ventuels protestataires d\u2019y acc\u00e9der. Intrigu\u00e9s, des passants ne pouvaient pas s\u2019emp\u00eacher de jeter un coup d\u2019\u0153il, derri\u00e8re le cordon des fourgons de police.<\/p>\n<p>Officiellement, la wilaya d\u2019Alger, une expertise du CTC \u00e0 l\u2019appui, avait pr\u00e9text\u00e9 des fissures qui auraient \u00e9t\u00e9 constat\u00e9es sur l\u2019escalier du b\u00e2timent historique, n\u00e9cessitant des travaux de r\u00e9habilitation et de restauration. Mais, cet argument passe mal aupr\u00e8s des citoyens qui soup\u00e7onnent les pouvoirs publics de vouloir priver les manifestants d\u2019une place de contestation. \u00abC\u2019est scandaleux\u00a0! L\u2019argument de la wilaya d\u2019Alger ne tient pas la route.<\/p>\n<p>C\u2019est impossible que des escaliers puissent s\u2019effondrer sous le poids d\u2019une centaine de manifestants. En r\u00e9alit\u00e9, il s\u2019agit juste d\u2019un pr\u00e9texte pour d\u00e9poss\u00e9der les Alg\u00e9riens d\u2019un de leurs espaces pr\u00e9f\u00e9r\u00e9s pour manifester\u00bb, a d\u00e9nonc\u00e9 un vendeur de journaux, accost\u00e9 \u00e0 quelques encablures de l\u2019\u00e9difice. Son ami acquiesce de la t\u00eate, et abonde dans le m\u00eame sens. \u00abJe ne crois pas \u00e0 cette histoire de fissures. La Casbah tombe en ruine mais personne ne bouge le petit doigt.<\/p>\n<p>Mais lorsqu\u2019il s\u2019agit d\u2019interdire aux citoyens l\u2019acc\u00e8s \u00e0 la Grande-Poste, la wilaya r\u00e9agit au quart de tour. En tout cas, \u00e9riger des barri\u00e8res autour de la Grande-Poste n\u2019entamera pas la volont\u00e9 du hirak de continuer \u00e0 se mobiliser pour r\u00e9clamer le d\u00e9part du syst\u00e8me en place.\u00bb<\/p>\n<p>Interrog\u00e9, un chauffeur de taxi pr\u00e9f\u00e8re ironiser au sujet de la d\u00e9cision de la wilaya. \u00abOn vient de perdre un endroit symbolique de la mobilisation. Et en m\u00eame temps, avec les barricades install\u00e9es, les gens viennent de gagner un espace o\u00f9 ils pourront coller leurs pancartes\u00bb, a-t-il confi\u00e9.<\/p>\n<p>Depuis le 22 f\u00e9vrier, date du d\u00e9but de la contestation populaire, les \u00abbatailles\u00bb entre policiers et manifestants ont \u00e9t\u00e9 nombreuses pour conqu\u00e9rir ce haut lieu de ralliement de la\u00a0contestation\u00a0dans la capitale. La derni\u00e8re en date remonte \u00e0 vendredi denier. Ce jour-l\u00e0, l\u2019esplanade de la Grande-Poste \u00e9tait barricad\u00e9e durant la matin\u00e9e par les \u00e9l\u00e9ments des forces de s\u00e9curit\u00e9, red\u00e9ploy\u00e9s en force au centre-ville d\u2019Alger.<\/p>\n<p>Des CRS, \u00e9quip\u00e9s de fusils lance-grenades, \u00e9taient \u00e9galement plac\u00e9s autour de l\u2019\u00e9difice. Ils avaient m\u00eame utilis\u00e9 les sprays (gaz en a\u00e9rosol) pour repousser des jeunes qui voulaient forcer le dispositif s\u00e9curitaire.\u00a0Finalement, les manifestants avaient r\u00e9investi en masse la b\u00e2tisse, apr\u00e8s avoir forc\u00e9 le cordon s\u00e9curitaire en d\u00e9but d\u2019apr\u00e8s-midi.<\/p>\n<div class=\"yuzo_related_post style-1\" data-version=\"5.12.88\">\n<p><h3>Related Post<\/h3>\n<\/p>\n<div class=\"yuzo_wraps\">\n<div class=\"relatedthumb relatedpost-564264 c11\"><a href=\"https:\/\/www.elwatan.com\/regions\/kabylie\/bejaia\/ait-rzine-les-pcd-juges-insuffisants-17-03-2019\"\/><\/p>\n<p><span class=\"yuzo__text--title c10\">A\u00eft R\u2019zine : Les PCD jug\u00e9s insuffisants<\/span><\/div>\n<div class=\"relatedthumb relatedpost-575994 c11\"><a href=\"https:\/\/www.elwatan.com\/edition\/actualite\/le-premier-proces-de-kamel-chikhi-et-12-cadres-de-la-conservation-fonciere-aura-lieu-le-22-mai-abdelghani-hamel-auditionne-aujourdhui-sur-laffaire-des-701-kg-de-cocaine-02-05-2019\"\/><\/p>\n<p><span class=\"yuzo__text--title c10\">Le premier proc\u00e8s de Kamel Chikhi et 12 cadres de &#8230;<\/span><\/div>\n<div class=\"relatedthumb relatedpost-330540 c11\"><a href=\"https:\/\/www.elwatan.com\/regions\/ouest\/mostaganem\/mostaganem-des-demandeurs-de-logement-se-refugient-dans-une-ancienne-ecole-16-12-2018\"\/><\/p>\n<p><span class=\"yuzo__text--title c10\">Mostaganem : Des demandeurs de logement se r\u00e9fugie&#8230;<\/span><\/div>\n<div class=\"relatedthumb relatedpost-580174 c11\"><a href=\"https:\/\/www.elwatan.com\/a-la-une\/ahmed-taleb-ibrahimi-interpelle-linstitution-militaire-larmee-doit-ecouter-les-propositions-des-elites-23-05-2019\"\/><\/p>\n<p><span class=\"yuzo__text--title c10\">Ahmed Taleb Ibrahimi interpelle l\u2019institution mili&#8230;<\/span><\/div>\n<\/div>\n<\/div>\n<p><span class=\"post-views-label\">Post Views:<\/span> <span class=\"post-views-count\">1\u00a0851<\/span><\/p>\n<p>Auteur: Hicham Chouadria<br \/>\n<a href=\"https:\/\/www.elwatan.com\/edition\/actualite\/une-des-places-fortes-de-la-contestation-dans-la-capitale-le-parvis-de-la-grande-poste-barricade-23-05-2019\">Cliquez ici pour lire l&rsquo;article depuis sa source.<\/a><\/p>\n","protected":false},"excerpt":{"rendered":"<p>( photo : h. Ly\u00e8s ) Le parvis de la Grande-Poste, une des places fortes de la contestation\u00a0dans la capitale, n\u2019est plus accessible aux manifestants. Dans la soir\u00e9e de mardi, des employ\u00e9s de la Ville d\u2019Alger avaient install\u00e9 des\u00a0barri\u00e8res m\u00e9talliques tout le long de l\u2019escalier, \u00e0 la veille d\u2019un 14e vendredi cons\u00e9cutif de contestation antir\u00e9gime. [&hellip;]<\/p>\n","protected":false},"author":1743,"featured_media":36183,"comment_status":"closed","ping_status":"closed","sticky":false,"template":"","format":"standard","meta":{"fifu_image_url":"","fifu_image_alt":"","footnotes":""},"categories":[73,53],"tags":[],"class_list":["post-36182","post","type-post","status-publish","format-standard","has-post-thumbnail","hentry","category-actualite","category-algerie"],"_links":{"self":[{"href":"https:\/\/linitiative.ca\/International\/wp-json\/wp\/v2\/posts\/36182","targetHints":{"allow":["GET"]}}],"collection":[{"href":"https:\/\/linitiative.ca\/International\/wp-json\/wp\/v2\/posts"}],"about":[{"href":"https:\/\/linitiative.ca\/International\/wp-json\/wp\/v2\/types\/post"}],"author":[{"embeddable":true,"href":"https:\/\/linitiative.ca\/International\/wp-json\/wp\/v2\/users\/1743"}],"replies":[{"embeddable":true,"href":"https:\/\/linitiative.ca\/International\/wp-json\/wp\/v2\/comments?post=36182"}],"version-history":[{"count":0,"href":"https:\/\/linitiative.ca\/International\/wp-json\/wp\/v2\/posts\/36182\/revisions"}],"wp:featuredmedia":[{"embeddable":true,"href":"https:\/\/linitiative.ca\/International\/wp-json\/"}],"wp:attachment":[{"href":"https:\/\/linitiative.ca\/International\/wp-json\/wp\/v2\/media?parent=36182"}],"wp:term":[{"taxonomy":"category","embeddable":true,"href":"https:\/\/linitiative.ca\/International\/wp-json\/wp\/v2\/categories?post=36182"},{"taxonomy":"post_tag","embeddable":true,"href":"https:\/\/linitiative.ca\/International\/wp-json\/wp\/v2\/tags?post=36182"}],"curies":[{"name":"wp","href":"https:\/\/api.w.org\/{rel}","templated":true}]}}