{"id":36184,"date":"2019-05-23T05:05:58","date_gmt":"2019-05-23T09:05:58","guid":{"rendered":"https:\/\/linitiative.ca\/International\/operation-mains-propres-a-annaba\/"},"modified":"2019-05-23T05:05:58","modified_gmt":"2019-05-23T09:05:58","slug":"operation-mains-propres-a-annaba","status":"publish","type":"post","link":"https:\/\/linitiative.ca\/International\/operation-mains-propres-a-annaba\/","title":{"rendered":"Op\u00e9ration mains propres  \u00e0 Annaba\u2026"},"content":{"rendered":"<h4 class=\"title-14\"\/>\n<p>Engag\u00e9e au lendemain de la d\u00e9mission de Abdelaziz Bouteflika, la campagne \u00abmains propres\u00bb arrive \u00e0 la wilaya de Annaba.<\/p>\n<p>D\u2019ores et d\u00e9j\u00e0 \u00e9tablie par des enqu\u00eateurs, la liste des suspects compte plus de 110 individus dont les activit\u00e9s \u00e9conomiques sont entach\u00e9es d\u2019enrichissement ill\u00e9gal, avons-nous appris de sources s\u00e9curitaires.<\/p>\n<p>Ils sont en majorit\u00e9 des op\u00e9rateurs \u00e9conomiques (import\/import), des anciens et actuels \u00e9lus, des directeurs d\u2019ex\u00e9cutif et surtout d\u2019affairistes. Bien qu\u2019ils n\u2019aient aucun statut administratif ou officiel, ces derniers sont connus pour leurs liens \u00abdouteux\u00bb avec les responsables locaux, notamment les walis, les chefs de da\u00efra et m\u00eame des maires. L\u2019un d\u2019eux se pr\u00e9vaut publiquement de ses liens avec un wali qui, pratiquement, ne lui refuse aucun caprice.<\/p>\n<p>\u00abAvec la complicit\u00e9 de ces responsables, ils ont rafl\u00e9 toutes les opportunit\u00e9s qu\u2019offre l\u2019administration, allant d\u2019un sandwich jusqu\u2019\u00e0 des assiettes de terrain \u00e0 forte valeur fonci\u00e8re en passant par des terrasses commerciales.<\/p>\n<p>Les projets Calpiref ne sont pas en reste. Apr\u00e8s attribution, ils sont imm\u00e9diatement revendus tout en maintenant l\u2019entit\u00e9 de la Sarl. Encourag\u00e9s par l\u2019impunit\u00e9 qui r\u00e9gnait du temps de Bouteflika, ces affairistes ont mont\u00e9 des fortunes colossales.<\/p>\n<p>L\u2019op\u00e9ration anticorruption est venue \u00e0 point nomm\u00e9 mettre fin \u00e0 leurs agissements\u00bb, d\u00e9noncent les m\u00eames sources. La wilaya d\u2019Annaba a toujours \u00e9t\u00e9 un terrain propice \u00e0 la corruption, o\u00f9 les grands scandales y ont eu lieu.<\/p>\n<p>Elle est \u00e9galement la ville de r\u00e9sidence du chef d\u2019\u00e9tat-major de l\u2019Arm\u00e9e populaire nationale (ANP), le g\u00e9n\u00e9ral-major Ahmed Ga\u00efd Salah, l\u2019instigateur de l\u2019op\u00e9ration mains propres. A suivre\u2026<\/p>\n<h3>\u2026 et \u00e0 S\u00e9tif<\/h3>\n<p>Apr\u00e8s audition, le juge d\u2019instruction pr\u00e8s le tribunal de S\u00e9tif a d\u00e9cid\u00e9 de placer, lundi en fin d\u2019apr\u00e8s-midi, un promoteur et deux gestionnaires du secteur public en d\u00e9tention provisoire.<\/p>\n<p>Suite \u00e0 une plainte d\u00e9pos\u00e9e par des souscripteurs, n\u2019ayant toujours pas re\u00e7u les cl\u00e9s de leurs Logements sociaux participatifs (LSP), le promoteur a \u00e9t\u00e9 poursuivi et incarc\u00e9r\u00e9 pour \u00abescroquerie\u00bb, selon certaines sources.<\/p>\n<p>Par ailleurs et aux motifs de \u00abd\u00e9tournement et dilapidation de deniers publics\u00bb, \u00abfaux et usage de faux\u00bb, le directeur g\u00e9n\u00e9ral du CHU de S\u00e9tif a \u00e9t\u00e9 mis sous un mandat de d\u00e9p\u00f4t. Quatre autres cadres de l\u2019institution ont \u00e9t\u00e9 plac\u00e9s sous contr\u00f4le judiciaire.<\/p>\n<p>La troisi\u00e8me affaire concerne le chef d\u2019antenne de la conservation fonci\u00e8re d\u2019El Eulma, deuxi\u00e8me ville de la wilaya. Le pr\u00e9venu est poursuivi pour \u00abfalsification de documents officiels\u00bb.<\/p>\n<p>Auditionn\u00e9s dans la m\u00eame affaire, deux notaires ont \u00e9t\u00e9 plac\u00e9s sous contr\u00f4le judiciaire. Soulignons que ces incarc\u00e9rations ont \u00e9t\u00e9 pr\u00e9c\u00e9d\u00e9es, la semaine derni\u00e8re, de l\u2019arrestation de la directrice de l\u2019h\u00f4pital de A\u00efn Oulmene, situ\u00e9e \u00e0 30 km au sud de S\u00e9tif.<\/p>\n<p>L\u2019inculp\u00e9e est accus\u00e9e de \u00abdilapidation de deniers publics\u00bb, \u00abpassation de march\u00e9s publics en violation de la r\u00e9glementation\u00bb et \u00abfaux et usage de faux\u00bb. Dans le cadre de la m\u00eame affaire, le magistrat instructeur a ordonn\u00e9 de placer sous contr\u00f4le judiciaire la directrice du conseil m\u00e9dical, la directrice des ressources humaines, la magasini\u00e8re et un laborantin de cet \u00e9tablissement hospitalier.<\/p>\n<p>Notons par ailleurs que les \u00e9l\u00e9ments de la brigade de recherches et d\u2019investigations du groupement de la gendarmerie de S\u00e9tif sont en train d\u2019\u00e9plucher les dossiers des assiettes fonci\u00e8res attribu\u00e9es pendant les \u00abtemps additionnels\u00bb.<\/p>\n<p>Les m\u00eames \u00e9l\u00e9ments se penchent sur les march\u00e9s et certaines op\u00e9rations inscrites au titre de l\u2019am\u00e9lioration urbaine de la commune de S\u00e9tif, o\u00f9 l\u2019on parle aussi de la gestion de certaines affaires de 2002 jusqu\u2019\u00e0 2019.<\/p>\n<div class=\"yuzo_related_post style-1\" data-version=\"5.12.88\">\n<p><h3>Related Post<\/h3>\n<\/p>\n<div class=\"yuzo_wraps\">\n<div class=\"relatedthumb relatedpost-576155 c11\"><a href=\"https:\/\/www.elwatan.com\/edition\/actualite\/el-tarf-bouclee-hier-par-des-protestataires-03-05-2019\"\/><\/p>\n<p><span class=\"yuzo__text--title c10\">El Tarf boucl\u00e9e hier par des protestataires<\/span><\/div>\n<div class=\"relatedthumb relatedpost-568442 c11\"><a href=\"https:\/\/www.elwatan.com\/edition\/contributions\/comprendre-ce-qui-se-passe-en-algerie-08-04-2019\"\/><\/p>\n<p><span class=\"yuzo__text--title c10\">Comprendre ce qui se passe en Alg\u00e9rie<\/span><\/div>\n<div class=\"relatedthumb relatedpost-575935 c11\"><a href=\"https:\/\/www.elwatan.com\/edition\/actualite\/la-police-empeche-la-marche-du-1er-mai-01-05-2019\"\/><\/p>\n<p><span class=\"yuzo__text--title c10\">La police emp\u00eache la marche du 1er mai<\/span><\/div>\n<div class=\"relatedthumb relatedpost-557614 c11\"><a href=\"https:\/\/www.elwatan.com\/edition\/economie\/a-propos-de-lindice-crowe-11-02-2019\"\/><\/p>\n<p><span class=\"yuzo__text--title c10\">\u00c0 propos de l\u2019indice Crowe<\/span><\/div>\n<\/div>\n<\/div>\n<p><span class=\"post-views-label\">Post Views:<\/span> <span class=\"post-views-count\">3\u00a0358<\/span><\/p>\n<p>Auteur: Hicham Chouadria<br \/>\n<a href=\"https:\/\/www.elwatan.com\/edition\/actualite\/operation-mains-propres-a-annaba-23-05-2019\">Cliquez ici pour lire l&rsquo;article depuis sa source.<\/a><\/p>\n","protected":false},"excerpt":{"rendered":"<p>Engag\u00e9e au lendemain de la d\u00e9mission de Abdelaziz Bouteflika, la campagne \u00abmains propres\u00bb arrive \u00e0 la wilaya de Annaba. D\u2019ores et d\u00e9j\u00e0 \u00e9tablie par des enqu\u00eateurs, la liste des suspects compte plus de 110 individus dont les activit\u00e9s \u00e9conomiques sont entach\u00e9es d\u2019enrichissement ill\u00e9gal, avons-nous appris de sources s\u00e9curitaires. Ils sont en majorit\u00e9 des op\u00e9rateurs \u00e9conomiques [&hellip;]<\/p>\n","protected":false},"author":1743,"featured_media":0,"comment_status":"closed","ping_status":"closed","sticky":false,"template":"","format":"standard","meta":{"fifu_image_url":"","fifu_image_alt":"","footnotes":""},"categories":[73,53],"tags":[],"class_list":["post-36184","post","type-post","status-publish","format-standard","hentry","category-actualite","category-algerie"],"_links":{"self":[{"href":"https:\/\/linitiative.ca\/International\/wp-json\/wp\/v2\/posts\/36184","targetHints":{"allow":["GET"]}}],"collection":[{"href":"https:\/\/linitiative.ca\/International\/wp-json\/wp\/v2\/posts"}],"about":[{"href":"https:\/\/linitiative.ca\/International\/wp-json\/wp\/v2\/types\/post"}],"author":[{"embeddable":true,"href":"https:\/\/linitiative.ca\/International\/wp-json\/wp\/v2\/users\/1743"}],"replies":[{"embeddable":true,"href":"https:\/\/linitiative.ca\/International\/wp-json\/wp\/v2\/comments?post=36184"}],"version-history":[{"count":0,"href":"https:\/\/linitiative.ca\/International\/wp-json\/wp\/v2\/posts\/36184\/revisions"}],"wp:attachment":[{"href":"https:\/\/linitiative.ca\/International\/wp-json\/wp\/v2\/media?parent=36184"}],"wp:term":[{"taxonomy":"category","embeddable":true,"href":"https:\/\/linitiative.ca\/International\/wp-json\/wp\/v2\/categories?post=36184"},{"taxonomy":"post_tag","embeddable":true,"href":"https:\/\/linitiative.ca\/International\/wp-json\/wp\/v2\/tags?post=36184"}],"curies":[{"name":"wp","href":"https:\/\/api.w.org\/{rel}","templated":true}]}}