{"id":36185,"date":"2019-05-23T05:15:50","date_gmt":"2019-05-23T09:15:50","guid":{"rendered":"https:\/\/linitiative.ca\/International\/mohcine-belabbas-repond-a-gaid-salah-deposez-votre-demande-de-retraite\/"},"modified":"2019-05-23T05:15:50","modified_gmt":"2019-05-23T09:15:50","slug":"mohcine-belabbas-repond-a-gaid-salah-deposez-votre-demande-de-retraite","status":"publish","type":"post","link":"https:\/\/linitiative.ca\/International\/mohcine-belabbas-repond-a-gaid-salah-deposez-votre-demande-de-retraite\/","title":{"rendered":"Mohcine Belabbas r\u00e9pond \u00e0 Ga\u00efd Salah  : \u00abD\u00e9posez votre demande de retraite\u00bb"},"content":{"rendered":"<h4 class=\"title-14\"\/>\n<div class=\"featured_image\"><img width=\"620\" height=\"413\" data-cfsrc=\"https:\/\/www.elwatan.com\/wp-content\/uploads\/2019\/05\/bellabes.jpeg\" class=\"attachment-post-thumbnail size-post-thumbnail wp-post-image c1\" alt=\"\" srcset=\"https:\/\/www.elwatan.com\/wp-content\/uploads\/2019\/05\/bellabes.jpeg 620w, https:\/\/www.elwatan.com\/wp-content\/uploads\/2019\/05\/bellabes-300x200.jpeg 300w\" sizes=\"(max-width: 620px) 100vw, 620px\"\/><noscript><\/p>\n<p><img loading=\"lazy\" decoding=\"async\" width=\"620\" height=\"413\" src=\"https:\/\/www.elwatan.com\/wp-content\/uploads\/2019\/05\/bellabes.jpeg\" class=\"attachment-post-thumbnail size-post-thumbnail wp-post-image\" alt=\"\" srcset=\"https:\/\/www.elwatan.com\/wp-content\/uploads\/2019\/05\/bellabes.jpeg 620w, https:\/\/www.elwatan.com\/wp-content\/uploads\/2019\/05\/bellabes-300x200.jpeg 300w\" sizes=\"auto, (max-width: 620px) 100vw, 620px\"\/><\/p>\n<p><\/noscript> <span class=\"featured-image-caption\">( photo : D R. )<\/span><\/div>\n<p>Le pr\u00e9sident du Rassemblement pour la culture et la d\u00e9mocratie (RCD), Mohcine Belabbas, tacle violemment le chef d\u2019\u00e9tat-major de l\u2019ANP, Ahmed Ga\u00efd Salah.<\/p>\n<p>Il lui rappelle son \u00e2ge tr\u00e8s avanc\u00e9 et lui demande de prendre sa retraite et de c\u00e9der la place aux jeunes. \u00abVous voulez r\u00e9habiliter la comp\u00e9tence et redonner sa place \u00e0 l\u2019\u00e9lite ? Vous voulez remettre de la confiance dans l\u2019\u00e9conomie nationale ?<\/p>\n<p>Vous voulez rendre un dernier service \u00e0 l\u2019Arm\u00e9e nationale et \u00e0 l\u2019Alg\u00e9rie ? Alors d\u00e9posez votre demande de retraite, vous et tous ceux qui comme vous ont vieilli dans les postes de commandement et les centres de d\u00e9cisions politiques\u00bb, \u00e9crit-il dans un long texte post\u00e9, hier, sur sa page Facebook.<\/p>\n<p>Il lui rappelle, dans ce sens, qu\u2019il y a \u00abdes cadres militaires et politiques int\u00e8gres et comp\u00e9tents dans la g\u00e9n\u00e9ration que vous avez de tout temps marginalis\u00e9e et exclue\u00bb. \u00abLaissez-les prendre les choses en main et vous verrez ce que vaut r\u00e9ellement l\u2019Alg\u00e9rien\u00bb, lui demande-t-il.<\/p>\n<p>Pour Mohcine Belabbas, le dernier discours d\u2019Ahmed Ga\u00efd Salah \u00abne laisse aucun doute sur la volont\u00e9 du chef de l\u2019arm\u00e9e de r\u00e9genter la vie du pays\u00bb. \u00abCela renseigne aussi sur le peu de cas que font nos dirigeants de l\u2019avenir du pays \u00e0 court terme\u00bb, ajoute-t-il, qualifiant la volont\u00e9 \u00abdu pouvoir de fait\u00bb d\u2019imposer la pr\u00e9sidentielle du 4 juillet de \u00abd\u00e9ni de r\u00e9alit\u00e9\u00bb.<\/p>\n<p>Les Alg\u00e9riens, explique-t-il, ne vont pas se soumettre aux injonctions du chef d\u2019\u00e9tat-major. \u00abA coups d\u2019injonctions et de menaces, le chef d\u2019\u00e9tat-major, qui s\u2019est octroy\u00e9, en violation de la Constitution, \u00e0 la fois les pouvoirs ex\u00e9cutif, l\u00e9gislatif et judiciaire, croit pouvoir mettre tout le monde au garde-\u00e0-vous.<\/p>\n<p><strong>\u00abLe peuple alg\u00e9rien n\u2019est pas un Homme malade\u00bb<\/strong><\/p>\n<p>Le peuple alg\u00e9rien n\u2019est pas un homme malade comme l\u2019\u00e9tait le chef de l\u2019Etat d\u00e9chu pour s\u2019ex\u00e9cuter et c\u00e9der \u00e0 la menace, maintenant qu\u2019il s\u2019est lib\u00e9r\u00e9 de la peur d\u2019un syst\u00e8me politique inique\u00bb, lance-t-il.<\/p>\n<p>Poursuivant, il explique pourquoi il est aujourd\u2019hui n\u00e9cessaire de passer par une p\u00e9riode de transition constituante. \u00abC\u2019est parce que l\u2019Alg\u00e9rie a v\u00e9cu depuis l\u2019ind\u00e9pendance dans un v\u00e9ritable d\u00e9ni constitutionnel avec pr\u00e8s de 18 ans de suspension de la Constitution, notamment entre 1965 et 1976 et 1991\/1996, qu\u2019elle a besoin d\u2019une p\u00e9riode de transition constituante pour en finir avec les crises cycliques qui ont hypoth\u00e9qu\u00e9 et hypoth\u00e8quent encore son avenir\u00bb, souligne-t-il.<\/p>\n<p>R\u00e9agissant \u00e0 l\u2019appel lanc\u00e9 par Ga\u00efd Salah au mouvement populaire pour d\u00e9signer ses repr\u00e9sentants, le patron du RCD rel\u00e8ve l\u2019impossibilit\u00e9 de dialoguer avec un personnel dirigeant ill\u00e9gitime. \u00abVous enjoignez au hirak de d\u00e9gager de vrais repr\u00e9sentants pour dialoguer.<\/p>\n<p>Mais avec qui ? Que repr\u00e9sentent aujourd\u2019hui ceux qui commandent le pays ? Vous avez \u00e9t\u00e9 choisi par le chef de l\u2019Etat d\u00e9chu comme vice-ministre de la D\u00e9fense et comme chef de l\u2019\u00e9tat-major de l\u2019arm\u00e9e\u00bb, souligne-t-il. \u00abLe chef de l\u2019Etat int\u00e9rimaire a lui aussi \u00e9t\u00e9 d\u00e9sign\u00e9 par le chef de l\u2019Etat d\u00e9chu comme s\u00e9nateur du tiers pr\u00e9sidentiel et pr\u00e9sident du S\u00e9nat.<\/p>\n<p>La majorit\u00e9 parlementaire est issue des fraudes organis\u00e9es par l\u2019actuel Premier ministre. En v\u00e9rit\u00e9, seule une autorit\u00e9 ayant l\u2019assentiment du hirak a la l\u00e9gitimit\u00e9 de conduire le pays vers un Etat de droit\u00bb, ajoute-t-il.<\/p>\n<div class=\"yuzo_related_post style-1\" data-version=\"5.12.88\">\n<p><h3>Related Post<\/h3>\n<\/p>\n<div class=\"yuzo_wraps\">\n<div class=\"relatedthumb relatedpost-494964 c12\"><a href=\"https:\/\/www.elwatan.com\/regions\/est\/constantine\/autoroute-est-ouest-24-policiers-blesses-dans-un-accident-07-01-2019\"\/><\/p>\n<p><span class=\"yuzo__text--title c11\">Autoroute Est-Ouest : 24 policiers bless\u00e9s dans u&#8230;<\/span><\/div>\n<div class=\"relatedthumb relatedpost-328610 c12\"><a href=\"https:\/\/www.elwatan.com\/regions\/kabylie\/tizi-ouzou\/azazga-protestation-a-lecole-des-beaux-arts-12-12-2018\"\/><\/p>\n<p><span class=\"yuzo__text--title c11\">Azazga : Protestation \u00e0 l\u2019\u00e9cole des Beaux-arts<\/span><\/div>\n<div class=\"relatedthumb relatedpost-217061 c12\"><a href=\"https:\/\/www.elwatan.com\/edition\/international\/lurgence-de-reponses-concretes-02-12-2018\"\/><\/p>\n<p><span class=\"yuzo__text--title c11\">L\u2019urgence de r\u00e9ponses concr\u00e8tes<\/span><\/div>\n<div class=\"relatedthumb relatedpost-382450 c12\"><a href=\"https:\/\/www.elwatan.com\/edition\/actualite\/cafe-litteraire-de-bejaia-soumis-a-lautorisation-de-la-gendarmerie-27-12-2018\"\/><\/p>\n<p><span class=\"yuzo__text--title c11\">Caf\u00e9 litt\u00e9raire de B\u00e9ja\u00efa : Soumis \u00e0 l\u2019autorisatio&#8230;<\/span><\/div>\n<\/div>\n<\/div>\n<p><span class=\"post-views-label\">Post Views:<\/span> <span class=\"post-views-count\">1\u00a0727<\/span><\/p>\n<p>Auteur: Hicham Chouadria<br \/>\n<a href=\"https:\/\/www.elwatan.com\/edition\/actualite\/mohcine-belabbas-repond-a-gaid-salah-deposez-votre-demande-de-retraite-23-05-2019\">Cliquez ici pour lire l&rsquo;article depuis sa source.<\/a><\/p>\n","protected":false},"excerpt":{"rendered":"<p>( photo : D R. ) Le pr\u00e9sident du Rassemblement pour la culture et la d\u00e9mocratie (RCD), Mohcine Belabbas, tacle violemment le chef d\u2019\u00e9tat-major de l\u2019ANP, Ahmed Ga\u00efd Salah. Il lui rappelle son \u00e2ge tr\u00e8s avanc\u00e9 et lui demande de prendre sa retraite et de c\u00e9der la place aux jeunes. \u00abVous voulez r\u00e9habiliter la comp\u00e9tence [&hellip;]<\/p>\n","protected":false},"author":1743,"featured_media":36186,"comment_status":"closed","ping_status":"closed","sticky":false,"template":"","format":"standard","meta":{"fifu_image_url":"","fifu_image_alt":"","footnotes":""},"categories":[73,53],"tags":[],"class_list":["post-36185","post","type-post","status-publish","format-standard","has-post-thumbnail","hentry","category-actualite","category-algerie"],"_links":{"self":[{"href":"https:\/\/linitiative.ca\/International\/wp-json\/wp\/v2\/posts\/36185","targetHints":{"allow":["GET"]}}],"collection":[{"href":"https:\/\/linitiative.ca\/International\/wp-json\/wp\/v2\/posts"}],"about":[{"href":"https:\/\/linitiative.ca\/International\/wp-json\/wp\/v2\/types\/post"}],"author":[{"embeddable":true,"href":"https:\/\/linitiative.ca\/International\/wp-json\/wp\/v2\/users\/1743"}],"replies":[{"embeddable":true,"href":"https:\/\/linitiative.ca\/International\/wp-json\/wp\/v2\/comments?post=36185"}],"version-history":[{"count":0,"href":"https:\/\/linitiative.ca\/International\/wp-json\/wp\/v2\/posts\/36185\/revisions"}],"wp:featuredmedia":[{"embeddable":true,"href":"https:\/\/linitiative.ca\/International\/wp-json\/"}],"wp:attachment":[{"href":"https:\/\/linitiative.ca\/International\/wp-json\/wp\/v2\/media?parent=36185"}],"wp:term":[{"taxonomy":"category","embeddable":true,"href":"https:\/\/linitiative.ca\/International\/wp-json\/wp\/v2\/categories?post=36185"},{"taxonomy":"post_tag","embeddable":true,"href":"https:\/\/linitiative.ca\/International\/wp-json\/wp\/v2\/tags?post=36185"}],"curies":[{"name":"wp","href":"https:\/\/api.w.org\/{rel}","templated":true}]}}