{"id":36198,"date":"2019-05-23T06:00:00","date_gmt":"2019-05-23T10:00:00","guid":{"rendered":"https:\/\/linitiative.ca\/International\/comment-penser-le-sauvetage-fin\/"},"modified":"2019-05-23T06:00:00","modified_gmt":"2019-05-23T10:00:00","slug":"comment-penser-le-sauvetage-fin","status":"publish","type":"post","link":"https:\/\/linitiative.ca\/International\/comment-penser-le-sauvetage-fin\/","title":{"rendered":"Comment penser le sauvetage ? (fin)"},"content":{"rendered":"<p class=\"c3\">Quand l\u2019info est tomb\u00e9e, j\u2019ai \u00e9t\u00e9 prise d\u2019une esp\u00e8ce de vertige, ayant certainement pour origine cette col\u00e8re sourde qui ronge de l\u2019int\u00e9rieur ! Tous ces privil\u00e8ges concentr\u00e9s dans un cercle aussi restreint ? Haddad ! Toujours lui, et pourquoi toujours lui en particulier, alors qu\u2019il y en a qui ont saign\u00e9 le pays autant ,sinon plus ? Sans doute parce qu\u2019il s\u2019est expos\u00e9 plus que les Kouninef, par exemple, qui ont pourtant d\u00e9pec\u00e9 l\u2019Alg\u00e9rie en toute impunit\u00e9, avec la b\u00e9n\u00e9diction de la famille Bouteflika. Pourquoi toutes ces pr\u00e9cautions pour l\u2019arr\u00eater, si c\u2019\u00e9tait juste pour le chatouiller l\u00e0 o\u00f9 il ne craint pas grand-chose ? C\u2019est pour prot\u00e9ger tout cela que l\u2019on court apr\u00e8s des \u00e9tudiants qui r\u00e9clament de ne plus avoir \u00e0 gal\u00e9rer ici et renoncent \u00e0 leur besoin d\u2019aller r\u00e9ussir ailleurs ? R\u00e9ponse actuelle de ces derniers, d\u00e9cid\u00e9s \u00e0 mettre fin au r\u00e8gne de la rapine et de l\u2019impunit\u00e9 : \u00abDites aux voleurs que nous n\u2019avons pas l\u2019intention d\u2019arr\u00eater.\u00bb<br \/>\u00a0Le message est clair, m\u00eame si l\u2019on fait mine en haut lieu de ne pas l\u2019entendre. Il finira par triompher de ces censeurs. La prise de conscience est telle qu\u2019il est d\u00e9sormais inconcevable qu\u2019elle prenne une autre tournure. Nous pensions que l\u2019universit\u00e9 avait rendu les armes, qu\u2019elle avait \u00e9t\u00e9 vid\u00e9e de sa raison d\u2019\u00eatre. Ceux qui ont travaill\u00e9 durant de longues ann\u00e9es \u00e0 la vider de sa verve progressiste pensaient ne lui avoir laiss\u00e9 aucune chance de se reprendre en main.\u00a0<br \/>Qu\u2019elle n\u2019aurait jamais plus la force de hisser la soci\u00e9t\u00e9 vers le haut. On la pensait d\u00e9missionnaire, qu\u2019elle avait abandonn\u00e9 le combat qu\u2019on lui reconna\u00eet \u00e0 travers le monde, en ces lieux o\u00f9 se pensent et s\u2019\u00e9laborent les projets qui bouleversent les tentatives de niveler par le bas, comme on persiste \u00e0 vouloir le faire. Elle, le moteur qui porte, accouche, dicte, \u00e9mancipe, diversifie et ouvre la voie \u00e0 toutes les r\u00e9alisations !\u00a0<br \/>L\u2019Alg\u00e9rie attend d\u2019\u00eatre d\u00e9livr\u00e9e de ses voleurs et ses enfants s\u2019organisent et se mobilisent, d\u00e9termin\u00e9s \u00e0 d\u00e9barrasser le pays de ses pr\u00e9dateurs. Aujourd\u2019hui structur\u00e9s, on leur reproche de contester une feuille de route approximative con\u00e7ue par un syst\u00e8me rompu aux coups fourr\u00e9s.\u00a0<br \/><em><strong>M. B.<\/strong><\/em><\/p>\n<p>Auteur:<br \/>\n<a href=\"https:\/\/www.lesoirdalgerie.com\/soit-dit-en-passant\/comment-penser-le-sauvetage-fin-24329\">Cliquez ici pour lire l&rsquo;article depuis sa source.<\/a><\/p>\n","protected":false},"excerpt":{"rendered":"<p>Quand l\u2019info est tomb\u00e9e, j\u2019ai \u00e9t\u00e9 prise d\u2019une esp\u00e8ce de vertige, ayant certainement pour origine cette col\u00e8re sourde qui ronge de l\u2019int\u00e9rieur ! Tous ces privil\u00e8ges concentr\u00e9s dans un cercle aussi restreint ? Haddad ! Toujours lui, et pourquoi toujours lui en particulier, alors qu\u2019il y en a qui ont saign\u00e9 le pays autant ,sinon [&hellip;]<\/p>\n","protected":false},"author":1741,"featured_media":0,"comment_status":"closed","ping_status":"closed","sticky":false,"template":"","format":"standard","meta":{"fifu_image_url":"","fifu_image_alt":"","footnotes":""},"categories":[73,53],"tags":[],"class_list":["post-36198","post","type-post","status-publish","format-standard","hentry","category-actualite","category-algerie"],"_links":{"self":[{"href":"https:\/\/linitiative.ca\/International\/wp-json\/wp\/v2\/posts\/36198","targetHints":{"allow":["GET"]}}],"collection":[{"href":"https:\/\/linitiative.ca\/International\/wp-json\/wp\/v2\/posts"}],"about":[{"href":"https:\/\/linitiative.ca\/International\/wp-json\/wp\/v2\/types\/post"}],"author":[{"embeddable":true,"href":"https:\/\/linitiative.ca\/International\/wp-json\/wp\/v2\/users\/1741"}],"replies":[{"embeddable":true,"href":"https:\/\/linitiative.ca\/International\/wp-json\/wp\/v2\/comments?post=36198"}],"version-history":[{"count":0,"href":"https:\/\/linitiative.ca\/International\/wp-json\/wp\/v2\/posts\/36198\/revisions"}],"wp:attachment":[{"href":"https:\/\/linitiative.ca\/International\/wp-json\/wp\/v2\/media?parent=36198"}],"wp:term":[{"taxonomy":"category","embeddable":true,"href":"https:\/\/linitiative.ca\/International\/wp-json\/wp\/v2\/categories?post=36198"},{"taxonomy":"post_tag","embeddable":true,"href":"https:\/\/linitiative.ca\/International\/wp-json\/wp\/v2\/tags?post=36198"}],"curies":[{"name":"wp","href":"https:\/\/api.w.org\/{rel}","templated":true}]}}