{"id":36200,"date":"2019-05-23T06:00:00","date_gmt":"2019-05-23T10:00:00","guid":{"rendered":"https:\/\/linitiative.ca\/International\/mustapha-djallit-sera-designe-manager-general-du-club\/"},"modified":"2019-05-23T06:00:00","modified_gmt":"2019-05-23T10:00:00","slug":"mustapha-djallit-sera-designe-manager-general-du-club","status":"publish","type":"post","link":"https:\/\/linitiative.ca\/International\/mustapha-djallit-sera-designe-manager-general-du-club\/","title":{"rendered":"Mustapha Djallit sera d\u00e9sign\u00e9 manager g\u00e9n\u00e9ral du club"},"content":{"rendered":"<p>L&rsquo;attaquant du la JS Saoura, Mustapha Djallit, sera prochainement d\u00e9sign\u00e9 manager g\u00e9n\u00e9ral du club, a appris l&rsquo;APS hier de la direction du club de Ligue 1 Mobilis. \u00abNous allons prochainement d\u00e9signer Mustapha Djallit en qualit\u00e9 de manager g\u00e9n\u00e9ral du club, et ce en reconnaissance des services rendus \u00e0 l\u2019\u00e9quipe. Son exp\u00e9rience de footballeur \u00e0 travers ce nouveau poste sera un atout pour la poursuite des efforts de d\u00e9veloppement de l\u2019\u00e9quipe et du football en g\u00e9n\u00e9ral dans la Saoura\u00bb, a indiqu\u00e9 l\u2019homme fort du club du Sud, Mohamed Zerouati, lors d\u2019une c\u00e9r\u00e9monie d\u2019hommage \u00e0 ce joueur. Djallit a mis officiellement fin, mardi dans la soir\u00e9e, \u00e0 sa carri\u00e8re de footballeur \u00e0 la mi-temps de la rencontre de la JSS face \u00e0 l\u2019ES S\u00e9tif (29e journ\u00e9e du championnat de Ligue 1.Mobilis). Ce talentueux attaquant, qui a rejoint le club de la Saoura en juin 2015, apr\u00e8s avoir pass\u00e9 trois saisons et demie au MC. Alger, s\u2019est d\u00e9clar\u00e9 \u00abhonor\u00e9\u00bb d\u2019avoir d\u00e9croch\u00e9 au sein de l\u2019\u00e9quipe de la Saoura, \u00abavec laquelle j\u2019ai connu de grands moments de football en championnat d&rsquo;Alg\u00e9rie et en Ligue des champions d&rsquo;Afrique\u00bb. \u00abCet attaquant, qui prend sa retraite \u00e0 l\u2019\u00e2ge de 36 ans, a \u00e9norm\u00e9ment donn\u00e9 \u00e0 notre \u00e9quipe, tant sur le plan technique que sur le plan moral, qualit\u00e9s avec lesquelles il s\u2019est fait conna\u00eetre et aimer par les dirigeants, les joueurs et les supporteurs, qui comptent lui rendre un grand hommage \u00e0 l\u2019occasion de son d\u00e9part\u00bb, a affirm\u00e9 auparavant un autre dirigeant de la JS Saoura Mohamed Jebbar.\u00a0<\/p>\n<p>Auteur:<br \/>\n<a href=\"https:\/\/www.lesoirdalgerie.com\/sports\/mustapha-djallit-sera-designe-manager-general-du-club-24327\">Cliquez ici pour lire l&rsquo;article depuis sa source.<\/a><\/p>\n","protected":false},"excerpt":{"rendered":"<p>L&rsquo;attaquant du la JS Saoura, Mustapha Djallit, sera prochainement d\u00e9sign\u00e9 manager g\u00e9n\u00e9ral du club, a appris l&rsquo;APS hier de la direction du club de Ligue 1 Mobilis. \u00abNous allons prochainement d\u00e9signer Mustapha Djallit en qualit\u00e9 de manager g\u00e9n\u00e9ral du club, et ce en reconnaissance des services rendus \u00e0 l\u2019\u00e9quipe. Son exp\u00e9rience de footballeur \u00e0 travers [&hellip;]<\/p>\n","protected":false},"author":1741,"featured_media":0,"comment_status":"closed","ping_status":"closed","sticky":false,"template":"","format":"standard","meta":{"fifu_image_url":"","fifu_image_alt":"","footnotes":""},"categories":[73,53],"tags":[],"class_list":["post-36200","post","type-post","status-publish","format-standard","hentry","category-actualite","category-algerie"],"_links":{"self":[{"href":"https:\/\/linitiative.ca\/International\/wp-json\/wp\/v2\/posts\/36200","targetHints":{"allow":["GET"]}}],"collection":[{"href":"https:\/\/linitiative.ca\/International\/wp-json\/wp\/v2\/posts"}],"about":[{"href":"https:\/\/linitiative.ca\/International\/wp-json\/wp\/v2\/types\/post"}],"author":[{"embeddable":true,"href":"https:\/\/linitiative.ca\/International\/wp-json\/wp\/v2\/users\/1741"}],"replies":[{"embeddable":true,"href":"https:\/\/linitiative.ca\/International\/wp-json\/wp\/v2\/comments?post=36200"}],"version-history":[{"count":0,"href":"https:\/\/linitiative.ca\/International\/wp-json\/wp\/v2\/posts\/36200\/revisions"}],"wp:attachment":[{"href":"https:\/\/linitiative.ca\/International\/wp-json\/wp\/v2\/media?parent=36200"}],"wp:term":[{"taxonomy":"category","embeddable":true,"href":"https:\/\/linitiative.ca\/International\/wp-json\/wp\/v2\/categories?post=36200"},{"taxonomy":"post_tag","embeddable":true,"href":"https:\/\/linitiative.ca\/International\/wp-json\/wp\/v2\/tags?post=36200"}],"curies":[{"name":"wp","href":"https:\/\/api.w.org\/{rel}","templated":true}]}}