{"id":36201,"date":"2019-05-23T06:00:00","date_gmt":"2019-05-23T10:00:00","guid":{"rendered":"https:\/\/linitiative.ca\/International\/designation-des-demi-finales\/"},"modified":"2019-05-23T06:00:00","modified_gmt":"2019-05-23T10:00:00","slug":"designation-des-demi-finales","status":"publish","type":"post","link":"https:\/\/linitiative.ca\/International\/designation-des-demi-finales\/","title":{"rendered":"D\u00e9signation des demi-finales"},"content":{"rendered":"<p>La F\u00e9d\u00e9ration alg\u00e9rienne de volley-ball (FAVB) a programm\u00e9 les rencontres des demi-finales de la coupe d\u2019Alg\u00e9rie, s\u00e9niors messieurs, qui mettront aux prises le GS P\u00e9troliers \u00e0 l\u2019ASV Blida et l\u2019OMK El-Milia \u00e0 l\u2019ES Tadjenant, programm\u00e9e respectivement \u00e0 Bou Isma\u00efl, vendredi 24 mai et \u00e0 Constantine (salle Berchache) dimanche 26 du m\u00eame mois, \u00e0 22h30.\u00a0 Lors des quarts de finale, le GSP avait \u00e9limin\u00e9 le NRB Bou-Arr\u00e9ridj, sacr\u00e9 r\u00e9cemment champion d\u2019Alg\u00e9rie, l\u2019emp\u00eachant ainsi de r\u00e9aliser un doubl\u00e9. Et apr\u00e8s avoir perdu la finale du championnat, les P\u00e9troliers misent sur la coupe d\u2019Alg\u00e9rie pour sauver leur saison.\u00a0 Les \u00e9quipes de l\u2019OMK et de l\u2019ASVB \u00e9taient les premi\u00e8res \u00e0 valider leur qualification tandis que l\u2019EST est la derni\u00e8re formation \u00e0 composter son ticket, \u00e0 l\u2019issue de sa rencontre des quarts de finale, samedi, gr\u00e2ce \u00e0 sa victoire, samedi, sur le CRB Omaria (3-1).<br \/>Ah. A.\u00a0\u00a0<\/p>\n<p>Auteur:<br \/>\n<a href=\"https:\/\/www.lesoirdalgerie.com\/sports\/designation-des-demi-finales-24326\">Cliquez ici pour lire l&rsquo;article depuis sa source.<\/a><\/p>\n","protected":false},"excerpt":{"rendered":"<p>La F\u00e9d\u00e9ration alg\u00e9rienne de volley-ball (FAVB) a programm\u00e9 les rencontres des demi-finales de la coupe d\u2019Alg\u00e9rie, s\u00e9niors messieurs, qui mettront aux prises le GS P\u00e9troliers \u00e0 l\u2019ASV Blida et l\u2019OMK El-Milia \u00e0 l\u2019ES Tadjenant, programm\u00e9e respectivement \u00e0 Bou Isma\u00efl, vendredi 24 mai et \u00e0 Constantine (salle Berchache) dimanche 26 du m\u00eame mois, \u00e0 22h30.\u00a0 Lors [&hellip;]<\/p>\n","protected":false},"author":1741,"featured_media":0,"comment_status":"closed","ping_status":"closed","sticky":false,"template":"","format":"standard","meta":{"fifu_image_url":"","fifu_image_alt":"","footnotes":""},"categories":[73,53],"tags":[],"class_list":["post-36201","post","type-post","status-publish","format-standard","hentry","category-actualite","category-algerie"],"_links":{"self":[{"href":"https:\/\/linitiative.ca\/International\/wp-json\/wp\/v2\/posts\/36201","targetHints":{"allow":["GET"]}}],"collection":[{"href":"https:\/\/linitiative.ca\/International\/wp-json\/wp\/v2\/posts"}],"about":[{"href":"https:\/\/linitiative.ca\/International\/wp-json\/wp\/v2\/types\/post"}],"author":[{"embeddable":true,"href":"https:\/\/linitiative.ca\/International\/wp-json\/wp\/v2\/users\/1741"}],"replies":[{"embeddable":true,"href":"https:\/\/linitiative.ca\/International\/wp-json\/wp\/v2\/comments?post=36201"}],"version-history":[{"count":0,"href":"https:\/\/linitiative.ca\/International\/wp-json\/wp\/v2\/posts\/36201\/revisions"}],"wp:attachment":[{"href":"https:\/\/linitiative.ca\/International\/wp-json\/wp\/v2\/media?parent=36201"}],"wp:term":[{"taxonomy":"category","embeddable":true,"href":"https:\/\/linitiative.ca\/International\/wp-json\/wp\/v2\/categories?post=36201"},{"taxonomy":"post_tag","embeddable":true,"href":"https:\/\/linitiative.ca\/International\/wp-json\/wp\/v2\/tags?post=36201"}],"curies":[{"name":"wp","href":"https:\/\/api.w.org\/{rel}","templated":true}]}}