{"id":36203,"date":"2019-05-23T06:00:00","date_gmt":"2019-05-23T10:00:00","guid":{"rendered":"https:\/\/linitiative.ca\/International\/le-mc-oran-expose-a-la-saignee\/"},"modified":"2019-05-23T06:00:00","modified_gmt":"2019-05-23T10:00:00","slug":"le-mc-oran-expose-a-la-saignee","status":"publish","type":"post","link":"https:\/\/linitiative.ca\/International\/le-mc-oran-expose-a-la-saignee\/","title":{"rendered":"Le MC Oran expos\u00e9 \u00e0 la saign\u00e9e"},"content":{"rendered":"<p>l L\u2019\u00e9quipe de handball du MC Oran, qui a \u00e9chou\u00e9 \u00e0\u00a0 retrouver l\u2019Excellence \u00e0 l\u2019issue de l\u2019exercice \u00e9coul\u00e9, est expos\u00e9e \u00e0 une\u00a0 v\u00e9ritable saign\u00e9e au sein de son effectif, pr\u00e9vient-on dans l\u2019entourage de\u00a0 cette formation de Nationale 1.\u00a0<br \/>Plusieurs joueurs, las d\u2019attendre leur situation financi\u00e8re r\u00e9gularis\u00e9e,\u00a0 sont sur le d\u00e9part, surtout qu\u2019ils ne manquent pas de convoitises, a\u00a0 indiqu\u00e9 la m\u00eame source. Rel\u00e9gu\u00e9 en Nationale 1 la saison pass\u00e9e, le MCO, qui jadis faisait la\u00a0 fiert\u00e9 de la petite balle alg\u00e9rienne, a \u00e9prouv\u00e9 les pires difficult\u00e9s pour\u00a0 tenir le coup dans l\u2019antichambre de l\u2019\u00e9lite lors de la premi\u00e8re partie de\u00a0 la saison avant de redresser la barre lors de la seconde et terminer la\u00a0 comp\u00e9tition \u00e0 la troisi\u00e8me place au classement.\u00a0 Cette r\u00e9surrection avait co\u00efncid\u00e9 avec le changement op\u00e9r\u00e9 au niveau de la\u00a0 barre technique, qui a \u00e9t\u00e9 confi\u00e9e \u00e0 un ancien joueur du club, en\u00a0 l\u2019occurrence Sid-Ahmed Tab. Ce dernier, qui a r\u00e9ussi un excellent travail, tente tant bien que mal de\u00a0 conserver ses meilleurs \u00e9l\u00e9ments en pr\u00e9vision de la saison \u00e0 venir, mais sa\u00a0 mission s\u2019annonce d\u00e9licate, pr\u00e9dise-t-on au MCO.\u00a0 Le club-phare de la capitale de l\u2019Ouest avait v\u00e9cu une situation d\u00e9licate\u00a0 lors de l\u2019\u00e9t\u00e9 2018 au point o\u00f9 il a failli d\u00e9clarer forfait pour la\u00a0 comp\u00e9tition en raison du refus de ses joueurs, qui r\u00e9clamaient leur argent,\u00a0 de reprendre l\u2019entra\u00eenement. C\u2019est ce qui expliquait du reste le d\u00e9but rat\u00e9 du championnat dont le\u00a0 titre a souri \u00e0 un autre club oranais, \u00e0 savoir le MC Oued Tl\u00e9lat, auteur\u00a0 d\u2019une accession historique en Excellence. Mais tout indique qu\u2019au sein du MCO, l\u2019on n\u2019a pas encore une fois retenu\u00a0 la le\u00e7on, puisque le nouvel exercice s\u2019annonce \u00e0 nouveau sous de mauvais\u00a0 auspices. Du coup, les regards sont braqu\u00e9s sur l\u2019assembl\u00e9e g\u00e9n\u00e9rale ordinaire du\u00a0 club sportif amateur que pr\u00e9side Tayeb Mahiaoui. Ce dernier, rappelle-t-on,\u00a0 avait vu ses bilans moral et financier, adopt\u00e9s par la pr\u00e9c\u00e9dente assembl\u00e9e\u00a0 malgr\u00e9 la rel\u00e9gation de l\u2019\u00e9quipe en Nationale 1.<\/p>\n<p>Auteur:<br \/>\n<a href=\"https:\/\/www.lesoirdalgerie.com\/sports\/le-mc-oran-expose-a-la-saignee-24324\">Cliquez ici pour lire l&rsquo;article depuis sa source.<\/a><\/p>\n","protected":false},"excerpt":{"rendered":"<p>l L\u2019\u00e9quipe de handball du MC Oran, qui a \u00e9chou\u00e9 \u00e0\u00a0 retrouver l\u2019Excellence \u00e0 l\u2019issue de l\u2019exercice \u00e9coul\u00e9, est expos\u00e9e \u00e0 une\u00a0 v\u00e9ritable saign\u00e9e au sein de son effectif, pr\u00e9vient-on dans l\u2019entourage de\u00a0 cette formation de Nationale 1.\u00a0Plusieurs joueurs, las d\u2019attendre leur situation financi\u00e8re r\u00e9gularis\u00e9e,\u00a0 sont sur le d\u00e9part, surtout qu\u2019ils ne manquent pas de [&hellip;]<\/p>\n","protected":false},"author":1741,"featured_media":0,"comment_status":"closed","ping_status":"closed","sticky":false,"template":"","format":"standard","meta":{"fifu_image_url":"","fifu_image_alt":"","footnotes":""},"categories":[73,53],"tags":[],"class_list":["post-36203","post","type-post","status-publish","format-standard","hentry","category-actualite","category-algerie"],"_links":{"self":[{"href":"https:\/\/linitiative.ca\/International\/wp-json\/wp\/v2\/posts\/36203","targetHints":{"allow":["GET"]}}],"collection":[{"href":"https:\/\/linitiative.ca\/International\/wp-json\/wp\/v2\/posts"}],"about":[{"href":"https:\/\/linitiative.ca\/International\/wp-json\/wp\/v2\/types\/post"}],"author":[{"embeddable":true,"href":"https:\/\/linitiative.ca\/International\/wp-json\/wp\/v2\/users\/1741"}],"replies":[{"embeddable":true,"href":"https:\/\/linitiative.ca\/International\/wp-json\/wp\/v2\/comments?post=36203"}],"version-history":[{"count":0,"href":"https:\/\/linitiative.ca\/International\/wp-json\/wp\/v2\/posts\/36203\/revisions"}],"wp:attachment":[{"href":"https:\/\/linitiative.ca\/International\/wp-json\/wp\/v2\/media?parent=36203"}],"wp:term":[{"taxonomy":"category","embeddable":true,"href":"https:\/\/linitiative.ca\/International\/wp-json\/wp\/v2\/categories?post=36203"},{"taxonomy":"post_tag","embeddable":true,"href":"https:\/\/linitiative.ca\/International\/wp-json\/wp\/v2\/tags?post=36203"}],"curies":[{"name":"wp","href":"https:\/\/api.w.org\/{rel}","templated":true}]}}