{"id":36208,"date":"2019-05-23T10:17:37","date_gmt":"2019-05-23T14:17:37","guid":{"rendered":"https:\/\/linitiative.ca\/International\/dgi-de-nouveaux-avantages-pour-les-auto-entrepreneurs\/"},"modified":"2019-05-23T10:17:37","modified_gmt":"2019-05-23T14:17:37","slug":"dgi-de-nouveaux-avantages-pour-les-auto-entrepreneurs","status":"publish","type":"post","link":"https:\/\/linitiative.ca\/International\/dgi-de-nouveaux-avantages-pour-les-auto-entrepreneurs\/","title":{"rendered":"DGI : de nouveaux avantages pour les auto-entrepreneurs"},"content":{"rendered":"<p>Les auto-entrepreneurs b\u00e9n\u00e9ficient de nouveaux avantages fiscaux. La taxe sur le revenu est r\u00e9duite de moiti\u00e9, indique un communiqu\u00e9 de la DGI.<\/p>\n<div class=\"c10\"\/>\n<p>La Direction g\u00e9n\u00e9rale des imp\u00f4ts a indiqu\u00e9 que les dispositions de la loi de Finances 2019 a act\u00e9 deux mesures fiscales aux profit des auto-entrepreneurs. La premi\u00e8re mesure concerne une baisse de la taxe sur le revenu sur le chiffre d\u2019affaires r\u00e9alis\u00e9. Cette baisse se pr\u00e9sente comme suit : 0,5% au lieu de 1% pour toutes les activit\u00e9s industrielles, commerciales et artisanales et 1% au lieu de 2% pour les prestations de services.<\/p>\n<p>Il a \u00e9t\u00e9 aussi d\u00e9cid\u00e9 de baisser le niveau minimum des montants des p\u00e9nalit\u00e9s appliqu\u00e9es dans le cas de non d\u00e9claration du chiffre d\u2019affaires de l\u2019auto-entrepreneur, ou en cas de retard ou d\u2019une d\u00e9claration incompl\u00e8te. Ainsi, la p\u00e9nalit\u00e9 a \u00e9t\u00e9 r\u00e9duite de 500 DH \u00e0 100 DH.<\/p>\n<div class=\"c17\">\n<fieldset class=\"c16\">\n<legend><strong><span class=\"c11\">Challenge<\/span><span class=\"c12\">news<\/span><\/strong><\/legend>\n<div class=\"c15\">Le meilleur de la r\u00e9daction s\u00e9lectionn\u00e9 par Challenge :<\/p>\n<\/div>\n<\/fieldset>\n<\/div>\n<p>Auteur: Hassan Manyani<br \/>\n<a href=\"https:\/\/www.challenge.ma\/dgi-de-nouveaux-avantages-pour-les-auto-entrepreneurs-109488\/\">Cliquez ici pour lire l&rsquo;article depuis sa source.<\/a><\/p>\n","protected":false},"excerpt":{"rendered":"<p>Les auto-entrepreneurs b\u00e9n\u00e9ficient de nouveaux avantages fiscaux. La taxe sur le revenu est r\u00e9duite de moiti\u00e9, indique un communiqu\u00e9 de la DGI. La Direction g\u00e9n\u00e9rale des imp\u00f4ts a indiqu\u00e9 que les dispositions de la loi de Finances 2019 a act\u00e9 deux mesures fiscales aux profit des auto-entrepreneurs. La premi\u00e8re mesure concerne une baisse de la [&hellip;]<\/p>\n","protected":false},"author":1787,"featured_media":0,"comment_status":"closed","ping_status":"closed","sticky":false,"template":"","format":"standard","meta":{"fifu_image_url":"","fifu_image_alt":"","footnotes":""},"categories":[78,54],"tags":[],"class_list":["post-36208","post","type-post","status-publish","format-standard","hentry","category-economie","category-maroc"],"_links":{"self":[{"href":"https:\/\/linitiative.ca\/International\/wp-json\/wp\/v2\/posts\/36208","targetHints":{"allow":["GET"]}}],"collection":[{"href":"https:\/\/linitiative.ca\/International\/wp-json\/wp\/v2\/posts"}],"about":[{"href":"https:\/\/linitiative.ca\/International\/wp-json\/wp\/v2\/types\/post"}],"author":[{"embeddable":true,"href":"https:\/\/linitiative.ca\/International\/wp-json\/wp\/v2\/users\/1787"}],"replies":[{"embeddable":true,"href":"https:\/\/linitiative.ca\/International\/wp-json\/wp\/v2\/comments?post=36208"}],"version-history":[{"count":0,"href":"https:\/\/linitiative.ca\/International\/wp-json\/wp\/v2\/posts\/36208\/revisions"}],"wp:attachment":[{"href":"https:\/\/linitiative.ca\/International\/wp-json\/wp\/v2\/media?parent=36208"}],"wp:term":[{"taxonomy":"category","embeddable":true,"href":"https:\/\/linitiative.ca\/International\/wp-json\/wp\/v2\/categories?post=36208"},{"taxonomy":"post_tag","embeddable":true,"href":"https:\/\/linitiative.ca\/International\/wp-json\/wp\/v2\/tags?post=36208"}],"curies":[{"name":"wp","href":"https:\/\/api.w.org\/{rel}","templated":true}]}}