{"id":36234,"date":"2019-05-23T16:08:00","date_gmt":"2019-05-23T20:08:00","guid":{"rendered":"https:\/\/linitiative.ca\/International\/traite-damitie-burkina-faso-cote-divoire-les-recommandations-revisitees-a-bobo-dioulasso\/"},"modified":"2019-05-23T16:08:00","modified_gmt":"2019-05-23T20:08:00","slug":"traite-damitie-burkina-faso-cote-divoire-les-recommandations-revisitees-a-bobo-dioulasso","status":"publish","type":"post","link":"https:\/\/linitiative.ca\/International\/traite-damitie-burkina-faso-cote-divoire-les-recommandations-revisitees-a-bobo-dioulasso\/","title":{"rendered":"Trait\u00e9 d\u2019amiti\u00e9 Burkina-Faso \u2013 C\u00f4te-d\u2019Ivoire : les recommandations revisit\u00e9es  \u00e0 Bobo-Dioulasso"},"content":{"rendered":"<div class=\"td-post-featured-image\"><a href=\"https:\/\/i2.wp.com\/www.sidwaya.info\/wp-content\/uploads\/2019\/05\/0-3.jpg?fit=738%2C687&#038;ssl=1\" data-caption=\"\"><img loading=\"lazy\" decoding=\"async\" width=\"696\" height=\"648\" class=\"entry-thumb td-modal-image\" src=\"https:\/\/i2.wp.com\/www.sidwaya.info\/wp-content\/uploads\/2019\/05\/0-3.jpg?resize=696%2C648&#038;ssl=1\" srcset=\"https:\/\/i2.wp.com\/www.sidwaya.info\/wp-content\/uploads\/2019\/05\/0-3.jpg?w=738&#038;ssl=1 738w, https:\/\/i2.wp.com\/www.sidwaya.info\/wp-content\/uploads\/2019\/05\/0-3.jpg?resize=300%2C279&#038;ssl=1 300w, https:\/\/i2.wp.com\/www.sidwaya.info\/wp-content\/uploads\/2019\/05\/0-3.jpg?resize=696%2C648&#038;ssl=1 696w, https:\/\/i2.wp.com\/www.sidwaya.info\/wp-content\/uploads\/2019\/05\/0-3.jpg?resize=451%2C420&#038;ssl=1 451w\" sizes=\"auto, (max-width: 696px) 100vw, 696px\" alt=\"\" title=\"0\"\/><\/a><\/div>\n<div class=\"td-a-rec td-a-rec-id-content_top td_uid_30_5ce7142ded6db_rand td_block_template_1\"><img loading=\"lazy\" decoding=\"async\" class=\"aligncenter size-full wp-image-4463\" src=\"https:\/\/www.sidwaya.info\/wp-content\/uploads\/2019\/02\/FESPACO-TOUR-2019-Bannie%CC%80re-728x90-1.jpg\" alt=\"\" width=\"728\" height=\"90\"\/><\/div>\n<p><strong>Le comit\u00e9 conjoint de suivi et d\u2019\u00e9valuation des d\u00e9cisions et recommandations du trait\u00e9 d\u2019amiti\u00e9 et de coop\u00e9ration entre la R\u00e9publique de C\u00f4te-d\u2019Ivoire et le Burkina Faso (TAC) se tient du 22 au 24 mai 2019 \u00e0 Bobo-Dioulasso, sa 3e r\u00e9union. Les experts burkinab\u00e8 et ivoiriens vont examiner l\u2019\u00e9tat de mise en \u0153uvre des recommandations du 7e TAC tenu en 2018 \u00e0 Yamoussoukro et pr\u00e9parer la prochaine rencontre qui se tiendra \u00e0 Ouagadougou au Burkina Faso.<\/strong><\/p>\n<p>Le trait\u00e9 d\u2019amiti\u00e9 et de coop\u00e9ration entre la C\u00f4te-d\u2019Ivoire et le Burkina Faso, sign\u00e9 en juillet 2008 pour renforcer la fraternit\u00e9 entre Ivoiriens et Burkinab\u00e8 continue son bonhomme de chemin. Le TAC sera \u00e0 sa 8e \u00e9dition cette ann\u00e9e et se tiendra \u00e0 Ouagadougou au Burkina. Le 7e avait eu lieu en 2018 \u00e0 Yamoussoukro en C\u00f4te-d\u2019Ivoire. Le comit\u00e9 conjoint de suivi et d\u2019\u00e9valuation des d\u00e9cisions et recommandations du trait\u00e9 d\u2019amiti\u00e9 et de coop\u00e9ration entre la C\u00f4te-d\u2019Ivoire et le Burkina s\u2019est r\u00e9uni du 22 au 24 mai \u00e0 Bobo-Dioulasso pour \u00e9valuer les preuves d\u2019amour entre les deux peuples unis par l\u2019histoire et la g\u00e9ographie. Les experts des deux pays auront \u00e9galement \u00e0 pr\u00e9parer la 8e conf\u00e9rence au sommet des chefs d\u2019Etat du TAC. Plus sp\u00e9cifiquement, les experts ivoiriens et burkinab\u00e8 auront pendant trois jours, \u00e0 finaliser ensemble, les projets d\u2019accord et de protocoles d\u2019accord en souffrance et envisager le cas \u00e9ch\u00e9ant, d\u2019\u00e9laborer de nouveaux projets, d\u2019identifier de nouveaux secteurs de coop\u00e9ration, d\u2019examiner les dossiers prioritaires et sp\u00e9cifiques et formuler des recommandations. L\u2019ouverture de la r\u00e9union a eu lieu le 22 mai en pr\u00e9sence des d\u00e9l\u00e9gations ivoiriennes et des autorit\u00e9s administratives et politiques de la r\u00e9gion des Hauts-Bassins.<\/p>\n<p>A l\u2019occasion, le directeur g\u00e9n\u00e9ral des relations bilat\u00e9rales du minist\u00e8re des Affaires \u00e9trang\u00e8res de la C\u00f4te-d\u2019Ivoire, Louis Bony, a affirm\u00e9 que la rencontre est un moment important dans la dynamique du renforcement de la coop\u00e9ration entre les deux pays, et constitue la cheville ouvri\u00e8re du succ\u00e8s de la rencontre entre les chefs d\u2019Etat ivoirien et burkinab\u00e8. Selon lui, plusieurs chantiers sont en cours et portent entre autres sur l\u2019autoroute reliant la C\u00f4te-d\u2019Ivoire et le Burkina, l\u2019approvisionnement du Burkina en \u00e9nergie, la facilitation des \u00e9changes commerciaux, la lutte contre la traite des enfants et l\u2019orpaillage.<\/p>\n<p><strong>87 accords sign\u00e9s entre les deux Etats<\/strong><\/p>\n<p>Leur mise en \u0153uvre \u00e0 en croire le directeur g\u00e9n\u00e9ral, est largement satisfaisante. \u00abLa mission des experts est de passer en revue l\u2019ensemble des projets de coop\u00e9ration qui existent entre les deux pays afin de raffermir la coop\u00e9ration et les relations d\u2019amiti\u00e9 entre les deux peuples. Nous allons nous atteler au cours de ces 48 heures, \u00e0 travailler dans ce sens pour que le TAC 8 se passe dans les meilleures conditions. Nous allons aussi examiner tout le portefeuille des projets, point par point dans les d\u00e9tails. La mise en \u0153uvre des recommandations ant\u00e9rieures est satisfaisante. C\u2019est une \u0153uvre humaine. Il y a quelques difficult\u00e9s et cela aussi, nous allons les aborder sans complaisance dans un esprit de fraternit\u00e9 comme il l\u2019a toujours \u00e9t\u00e9 dans nos relations et au sein des travaux des experts\u00bb, a soulign\u00e9 M. Bony.<\/p>\n<p>Et selon la directrice g\u00e9n\u00e9rale de la coop\u00e9ration bilat\u00e9rale au minist\u00e8re des Affaires \u00e9trang\u00e8res, Mme Olivia Rouamba, ce sont 87 accords qui ont \u00e9t\u00e9 sign\u00e9s entre les deux Etats dans plusieurs secteurs de d\u00e9veloppement socio\u00e9conomique. \u00abNous allons passer en revue les grands axes de coop\u00e9ration entre nos deux Etats et voir depuis le 1er TAC jusqu\u2019\u00e0 nos jours, l\u2019\u00e9tat de mise en \u0153uvre des diff\u00e9rents recommandations et accords que nos deux Etats ont eu \u00e0 entreprendre\u00bb. Les recommandations et propositions qui seront formul\u00e9es seront soumises \u00e0 la r\u00e9union minist\u00e9rielle qui se tient ce 24 mai. Elle sera marqu\u00e9e par la signature du rapport conjoint de la r\u00e9union du comit\u00e9 et les allocutions des deux ministres des Affaires \u00e9trang\u00e8res du Burkina Faso et de la C\u00f4te-D\u2019Ivoire.<\/p>\n<p class=\"c1\">Adaman DRABO<br \/>Ibrahim NIAONE<br \/>(stagiaire)<\/p>\n<div class=\"td-a-rec td-a-rec-id-content_bottom td_uid_31_5ce7142ded871_rand td_block_template_1\"><img loading=\"lazy\" decoding=\"async\" class=\"alignright size-full wp-image-1724\" src=\"https:\/\/www.sidwaya.info\/wp-content\/uploads\/2018\/12\/sidwaya-pub.jpg\" alt=\"\" width=\"720\" height=\"90\"\/><\/div>\n<p>Auteur: DD. Sidwaya<br \/>\n<a href=\"https:\/\/www.sidwaya.info\/blog\/2019\/05\/23\/traite-damitie-burkina-faso-cote-divoire-les-recommandations-revisitees-a-bobo-dioulasso\/\">Cliquez ici pour lire l&rsquo;article depuis sa source.<\/a><\/p>\n","protected":false},"excerpt":{"rendered":"<p>Le comit\u00e9 conjoint de suivi et d\u2019\u00e9valuation des d\u00e9cisions et recommandations du trait\u00e9 d\u2019amiti\u00e9 et de coop\u00e9ration entre la R\u00e9publique de C\u00f4te-d\u2019Ivoire et le Burkina Faso (TAC) se tient du 22 au 24 mai 2019 \u00e0 Bobo-Dioulasso, sa 3e r\u00e9union. Les experts burkinab\u00e8 et ivoiriens vont examiner l\u2019\u00e9tat de mise en \u0153uvre des recommandations du [&hellip;]<\/p>\n","protected":false},"author":1816,"featured_media":0,"comment_status":"closed","ping_status":"closed","sticky":false,"template":"","format":"standard","meta":{"fifu_image_url":"","fifu_image_alt":"","footnotes":""},"categories":[73,81],"tags":[],"class_list":["post-36234","post","type-post","status-publish","format-standard","hentry","category-actualite","category-burkina-faso"],"_links":{"self":[{"href":"https:\/\/linitiative.ca\/International\/wp-json\/wp\/v2\/posts\/36234","targetHints":{"allow":["GET"]}}],"collection":[{"href":"https:\/\/linitiative.ca\/International\/wp-json\/wp\/v2\/posts"}],"about":[{"href":"https:\/\/linitiative.ca\/International\/wp-json\/wp\/v2\/types\/post"}],"author":[{"embeddable":true,"href":"https:\/\/linitiative.ca\/International\/wp-json\/wp\/v2\/users\/1816"}],"replies":[{"embeddable":true,"href":"https:\/\/linitiative.ca\/International\/wp-json\/wp\/v2\/comments?post=36234"}],"version-history":[{"count":0,"href":"https:\/\/linitiative.ca\/International\/wp-json\/wp\/v2\/posts\/36234\/revisions"}],"wp:attachment":[{"href":"https:\/\/linitiative.ca\/International\/wp-json\/wp\/v2\/media?parent=36234"}],"wp:term":[{"taxonomy":"category","embeddable":true,"href":"https:\/\/linitiative.ca\/International\/wp-json\/wp\/v2\/categories?post=36234"},{"taxonomy":"post_tag","embeddable":true,"href":"https:\/\/linitiative.ca\/International\/wp-json\/wp\/v2\/tags?post=36234"}],"curies":[{"name":"wp","href":"https:\/\/api.w.org\/{rel}","templated":true}]}}