{"id":36236,"date":"2019-05-23T16:27:41","date_gmt":"2019-05-23T20:27:41","guid":{"rendered":"https:\/\/linitiative.ca\/International\/coupe-du-faso-2019-rahimo-et-las-sonabel-en-lutte-pour-lultime-trophee-de-la-saison\/"},"modified":"2019-05-23T16:27:41","modified_gmt":"2019-05-23T20:27:41","slug":"coupe-du-faso-2019-rahimo-et-las-sonabel-en-lutte-pour-lultime-trophee-de-la-saison","status":"publish","type":"post","link":"https:\/\/linitiative.ca\/International\/coupe-du-faso-2019-rahimo-et-las-sonabel-en-lutte-pour-lultime-trophee-de-la-saison\/","title":{"rendered":"Coupe du Faso 2019 : Rahimo et l\u2019AS SONABEL en lutte pour l\u2019ultime troph\u00e9e de la saison"},"content":{"rendered":"<div class=\"td-post-featured-image\"><a href=\"https:\/\/i1.wp.com\/www.sidwaya.info\/wp-content\/uploads\/2019\/05\/1-58.jpg?fit=797%2C532&#038;ssl=1\" data-caption=\"\"><img loading=\"lazy\" decoding=\"async\" width=\"696\" height=\"465\" class=\"entry-thumb td-modal-image\" src=\"https:\/\/i1.wp.com\/www.sidwaya.info\/wp-content\/uploads\/2019\/05\/1-58.jpg?resize=696%2C465&#038;ssl=1\" srcset=\"https:\/\/i1.wp.com\/www.sidwaya.info\/wp-content\/uploads\/2019\/05\/1-58.jpg?w=797&#038;ssl=1 797w, https:\/\/i1.wp.com\/www.sidwaya.info\/wp-content\/uploads\/2019\/05\/1-58.jpg?resize=300%2C200&#038;ssl=1 300w, https:\/\/i1.wp.com\/www.sidwaya.info\/wp-content\/uploads\/2019\/05\/1-58.jpg?resize=768%2C513&#038;ssl=1 768w, https:\/\/i1.wp.com\/www.sidwaya.info\/wp-content\/uploads\/2019\/05\/1-58.jpg?resize=696%2C465&#038;ssl=1 696w, https:\/\/i1.wp.com\/www.sidwaya.info\/wp-content\/uploads\/2019\/05\/1-58.jpg?resize=629%2C420&#038;ssl=1 629w\" sizes=\"auto, (max-width: 696px) 100vw, 696px\" alt=\"\" title=\"1\"\/><\/a><\/div>\n<div class=\"td-a-rec td-a-rec-id-content_top td_uid_30_5ce71434b7446_rand td_block_template_1\"><img loading=\"lazy\" decoding=\"async\" class=\"aligncenter size-full wp-image-4463\" src=\"https:\/\/www.sidwaya.info\/wp-content\/uploads\/2019\/02\/FESPACO-TOUR-2019-Bannie%CC%80re-728x90-1.jpg\" alt=\"\" width=\"728\" height=\"90\"\/><\/div>\n<p><strong>La 33e coupe du Faso oppose ce dimanche 26 mai 2019 au stade du 4-Ao\u00fbt de Ouagadougou, Rahimo FC \u00e0 l\u2019AS SONABEL. Ces deux \u00e9quipes qui n\u2019ont jamais remport\u00e9 dame coupe entendent, chacune, inscrire leur nom au palmar\u00e8s de cette prestigieuse comp\u00e9titions.<\/strong><\/p>\n<p>La finale de la 33e Coupe du Faso s\u2019annonce palpitante. Rahimo FC et l\u2019AS SONABEL ont promis chacune, se battre cet apr\u00e8s-midi du dimanche 26 mai 2019 pour se faire couronner et succ\u00e9der ainsi \u00e0 Salitas FC, tenant du titre. Lors de la conf\u00e9rence de presse d\u2019avant-match tenue hier, jeudi 23 mai, les deux finalistes ont clairement affich\u00e9 leur envie de remporter le troph\u00e9e 2019. Pour Rahimo, le tout nouveau champion du Burkina, ce match est une occasion sans pr\u00e9c\u00e9dent pour lui de r\u00e9aliser le doubl\u00e9 et d\u2019inscrire son nom dans l\u2019histoire du football burkinab\u00e8. Et l\u2019entra\u00eeneur des Acad\u00e9miciens, Boureima Zongo, d\u2019affirmer que ses jeunes joueurs vont tout donner pour ramener les deux troph\u00e9es \u00e0 Bobo-Dioulasso, plus pr\u00e9cis\u00e9ment \u00e0 Bama.<\/p>\n<p>L\u2019ancien international Burkinab\u00e8 a soulign\u00e9 que ses joueurs restent concentr\u00e9s et que le titre de champion engrang\u00e9 la semaine pass\u00e9e fait d\u00e9j\u00e0 du pass\u00e9. Boureima Zongo a avou\u00e9 qu\u2019ils iront chercher le troph\u00e9e, m\u00eame si l\u2019\u00e9quipe est handicap\u00e9e par des bless\u00e9s. Qu\u2019\u00e0 cela ne tienne, il a rassur\u00e9 que tout comme lors de la derni\u00e8re journ\u00e9e du championnat face au RCK, les rempla\u00e7ants seront \u00e0 la hauteur pour suppl\u00e9er les joueurs forfaits. Pour mieux se concentrer pour la finale, Rahimo FC est rest\u00e9 au vert dans la capitale, au lieu de rallier leur base \u00e0 Bama. Du c\u00f4t\u00e9 de l\u2019AS SONABEL, l\u2019on compte enfin vaincre le signe indien.<\/p>\n<p>Les Electriciens disputent leur 4e finale de Coupe de Faso et entendent enfin accrocher une \u00e9toile \u00e0 leur palmar\u00e8s. L\u2019AS-SONABEL a termin\u00e9 6e du championnat national de D1 et a \u00e9t\u00e9 battu en aller et retour (1-0\/2-0) par Rahimo FC. Mais selon le coach des Electriciens, Mousso Ou\u00e9draogo dit Morinho, son \u00e9quipe sera hyper concentr\u00e9e tout au long du match pour ne pas se laisser pi\u00e9ger. Pour cette 3e rencontre de la saison, il a rassur\u00e9 que cette fois-ci, l\u2019AS-SONABEL va optimiser sur ses qualit\u00e9s et minimiser au maximum les erreurs. Toutefois, il a laiss\u00e9 entendre que la finale sera plaisante, les deux adversaires ayant une<br \/>similitude\u00a0: un jeu tourn\u00e9 vers l\u2019offensive.<\/p>\n<p class=\"c1\"><strong>Pengdwend\u00e9 Achille<\/strong><br \/><strong>OUEDRAOGO<\/strong><\/p>\n<div class=\"td-a-rec td-a-rec-id-content_bottom td_uid_31_5ce71434b75d9_rand td_block_template_1\"><img loading=\"lazy\" decoding=\"async\" class=\"alignright size-full wp-image-1724\" src=\"https:\/\/www.sidwaya.info\/wp-content\/uploads\/2018\/12\/sidwaya-pub.jpg\" alt=\"\" width=\"720\" height=\"90\"\/><\/div>\n<p>Auteur: DD. Sidwaya<br \/>\n<a href=\"https:\/\/www.sidwaya.info\/blog\/2019\/05\/23\/coupe-du-faso-2019-rahimo-et-las-sonabel-en-lutte-pour-lultime-trophee-de-la-saison\/\">Cliquez ici pour lire l&rsquo;article depuis sa source.<\/a><\/p>\n","protected":false},"excerpt":{"rendered":"<p>La 33e coupe du Faso oppose ce dimanche 26 mai 2019 au stade du 4-Ao\u00fbt de Ouagadougou, Rahimo FC \u00e0 l\u2019AS SONABEL. Ces deux \u00e9quipes qui n\u2019ont jamais remport\u00e9 dame coupe entendent, chacune, inscrire leur nom au palmar\u00e8s de cette prestigieuse comp\u00e9titions. La finale de la 33e Coupe du Faso s\u2019annonce palpitante. Rahimo FC et [&hellip;]<\/p>\n","protected":false},"author":1816,"featured_media":0,"comment_status":"closed","ping_status":"closed","sticky":false,"template":"","format":"standard","meta":{"fifu_image_url":"","fifu_image_alt":"","footnotes":""},"categories":[73,81],"tags":[],"class_list":["post-36236","post","type-post","status-publish","format-standard","hentry","category-actualite","category-burkina-faso"],"_links":{"self":[{"href":"https:\/\/linitiative.ca\/International\/wp-json\/wp\/v2\/posts\/36236","targetHints":{"allow":["GET"]}}],"collection":[{"href":"https:\/\/linitiative.ca\/International\/wp-json\/wp\/v2\/posts"}],"about":[{"href":"https:\/\/linitiative.ca\/International\/wp-json\/wp\/v2\/types\/post"}],"author":[{"embeddable":true,"href":"https:\/\/linitiative.ca\/International\/wp-json\/wp\/v2\/users\/1816"}],"replies":[{"embeddable":true,"href":"https:\/\/linitiative.ca\/International\/wp-json\/wp\/v2\/comments?post=36236"}],"version-history":[{"count":0,"href":"https:\/\/linitiative.ca\/International\/wp-json\/wp\/v2\/posts\/36236\/revisions"}],"wp:attachment":[{"href":"https:\/\/linitiative.ca\/International\/wp-json\/wp\/v2\/media?parent=36236"}],"wp:term":[{"taxonomy":"category","embeddable":true,"href":"https:\/\/linitiative.ca\/International\/wp-json\/wp\/v2\/categories?post=36236"},{"taxonomy":"post_tag","embeddable":true,"href":"https:\/\/linitiative.ca\/International\/wp-json\/wp\/v2\/tags?post=36236"}],"curies":[{"name":"wp","href":"https:\/\/api.w.org\/{rel}","templated":true}]}}