{"id":36237,"date":"2019-05-23T16:59:51","date_gmt":"2019-05-23T20:59:51","guid":{"rendered":"https:\/\/linitiative.ca\/International\/projet-de-renforcement-de-la-resilience-climatique-les-deputes-donnent-le-feu-vert\/"},"modified":"2019-05-23T16:59:51","modified_gmt":"2019-05-23T20:59:51","slug":"projet-de-renforcement-de-la-resilience-climatique-les-deputes-donnent-le-feu-vert","status":"publish","type":"post","link":"https:\/\/linitiative.ca\/International\/projet-de-renforcement-de-la-resilience-climatique-les-deputes-donnent-le-feu-vert\/","title":{"rendered":"Projet de renforcement de la r\u00e9silience climatique  : les d\u00e9put\u00e9s donnent le feu vert"},"content":{"rendered":"<div class=\"td-post-featured-image\"><a href=\"https:\/\/i1.wp.com\/www.sidwaya.info\/wp-content\/uploads\/2019\/05\/1-59.jpg?fit=728%2C485&#038;ssl=1\" data-caption=\"\"><img loading=\"lazy\" decoding=\"async\" width=\"696\" height=\"464\" class=\"entry-thumb td-modal-image\" src=\"https:\/\/i1.wp.com\/www.sidwaya.info\/wp-content\/uploads\/2019\/05\/1-59.jpg?resize=696%2C464&#038;ssl=1\" srcset=\"https:\/\/i1.wp.com\/www.sidwaya.info\/wp-content\/uploads\/2019\/05\/1-59.jpg?w=728&#038;ssl=1 728w, https:\/\/i1.wp.com\/www.sidwaya.info\/wp-content\/uploads\/2019\/05\/1-59.jpg?resize=300%2C200&#038;ssl=1 300w, https:\/\/i1.wp.com\/www.sidwaya.info\/wp-content\/uploads\/2019\/05\/1-59.jpg?resize=696%2C464&#038;ssl=1 696w, https:\/\/i1.wp.com\/www.sidwaya.info\/wp-content\/uploads\/2019\/05\/1-59.jpg?resize=630%2C420&#038;ssl=1 630w\" sizes=\"auto, (max-width: 696px) 100vw, 696px\" alt=\"\" title=\"1\"\/><\/a><\/div>\n<div class=\"td-a-rec td-a-rec-id-content_top td_uid_30_5ce71437af4cc_rand td_block_template_1\"><img loading=\"lazy\" decoding=\"async\" class=\"aligncenter size-full wp-image-4463\" src=\"https:\/\/www.sidwaya.info\/wp-content\/uploads\/2019\/02\/FESPACO-TOUR-2019-Bannie%CC%80re-728x90-1.jpg\" alt=\"\" width=\"728\" height=\"90\"\/><\/div>\n<p><strong>Les d\u00e9put\u00e9s ont adopt\u00e9 \u00e0 l\u2019unanimit\u00e9, le projet de ratification de l\u2019accord de don conclu entre le Burkina Faso et l\u2019Association internationale de d\u00e9veloppement, pour financer le projet de renforcement de la r\u00e9silience climatique, le jeudi 23 mai 2019, \u00e0 l\u2019h\u00e9micycle. Ils ont \u00e9galement ratifi\u00e9 deux autres projets de loi sur la cr\u00e9ation de la Zone de libre-\u00e9change continentale (ZLECAF) et la promotion ainsi que l\u2019officialisation des langues nationales du Burkina Faso.<\/strong><\/p>\n<p>Le Burkina Faso, situ\u00e9 dans la zone soudano-sah\u00e9lienne, m\u00e9rite que ses pr\u00e9visions m\u00e9t\u00e9orologiques relatives aux inondations, vents, etc. soient fiables au profit des petits producteurs, des groupements de femmes et des communaut\u00e9s. Pour cela, il a b\u00e9n\u00e9fici\u00e9 d\u2019un don de 4 milliards 675 millions F CFA avec une contrepartie du Fonds vert pour le climat (FPC) afin de financer son projet de renforcement de la r\u00e9silience climatique. Le jeudi 23 mai 2019, \u00e0 l\u2019Assembl\u00e9e nationale, 102 d\u00e9put\u00e9s ont adopt\u00e9, \u00e0 l\u2019unanimit\u00e9, le d\u00e9cret pris par le gouvernement pour mettre en route l\u2019accord de don conclu, \u00e0 cet effet, entre le Burkina Faso et l\u2019Association internationale de d\u00e9veloppement. Ce projet va \u00eatre d\u2019une aide pr\u00e9cieuse pour l\u2019Agence nationale de la m\u00e9t\u00e9orologie (ANAM) selon, le ministre des Transports, de la Mobilit\u00e9 urbaine et de la S\u00e9curit\u00e9 routi\u00e8re, Vincent T. Dabilgou. Pr\u00e9vu pour durer cinq ans avec la signature de convention de financement intervenue le 26 octobre 2018, l\u2019initiative accompagn\u00e9e par la Banque mondiale, \u00e0 l\u2019entendre, va permettre \u00e0 l\u2019ANAM de fournir des pr\u00e9visions m\u00e9t\u00e9orologiques ad\u00e9quates en temps r\u00e9el. Il s\u2019agit aussi, pour le ministre Dabilgou, de transcender les pr\u00e9visions g\u00e9n\u00e9rales du centre r\u00e9gional AGRHYMET de l\u2019espace Sahel qui ne satisfont pas les attentes \u00e0 l\u2019interne.<\/p>\n<p><strong>Lutter contre les r\u00e9sistances culturelles<\/strong><\/p>\n<p>\u00abCe projet permet de voir avec exactitude les pr\u00e9visions communales et provinciales\u00bb, a-t-il pr\u00e9cis\u00e9. Face aux inqui\u00e9tudes des d\u00e9put\u00e9s concernant la confiance jusque-l\u00e0 accord\u00e9es aux \u00abdivinations\u00bb culturelles sur le climat (pluie surtout), Vincent T. Dabilgou propose de travailler \u00e0 mettre un terme aux r\u00e9sistances culturelles pour croire en la science. A terme, le projet de renforcement de la r\u00e9silience climatique favoriserait l\u2019autosuffisance et la s\u00e9curit\u00e9 alimentaires \u00e0 travers la densification des stations m\u00e9t\u00e9orologiques.<\/p>\n<p>Par ailleurs, les \u00e9lus nationaux ont \u00e9galement vot\u00e9 \u00e0 l\u2019unanimit\u00e9, deux autres projets de loi sur la cr\u00e9ation de la Zone de libre-\u00e9change continentale (ZLECAF) et la promotion ainsi que l\u2019officialisation des langues nationales du Burkina Faso. Pour la mise en place de cette zone, elle se justifie, selon le ministre du Commerce, de l\u2019Industrie et de l\u2019Artisanat, Harouna Kabor\u00e9, par le fait que le taux d\u2019\u00e9changes commerciaux entre Africains ne d\u00e9passe pas \u00e0 ce jour 14%. De son avis, le Burkina Faso, en s\u2019\u00e9lan\u00e7ant dans cette aventure, veut s\u2019affirmer \u00e9conomiquement par la diversification et la baisse du co\u00fbt des produits. Il a rassur\u00e9 les d\u00e9put\u00e9s qu\u2019avec la ZLECAF, le pays des Hommes int\u00e8gres va accompagner ses Petites et moyennes entreprises, industries (PME\/ PMI) sur d\u2019autres march\u00e9s en Afrique avec des produits de bonne qualit\u00e9 et comp\u00e9titifs. Le ministre Kabor\u00e9 a, en sus, rassur\u00e9 la repr\u00e9sentation nationale, de l\u2019aide de l\u2019UA aux pays qui viendraient \u00e0 enregistrer des pertes fiscales dans les \u00e9changes commerciaux.<\/p>\n<p><strong>Dynamiser les secteurs-cl\u00e9s de l\u2019\u00e9conomie<\/strong><\/p>\n<p>Il a, en outre, rappel\u00e9 que la cr\u00e9ation de la ZLECAF s\u2019inscrit dans l\u2019axe 3 du Plan national de d\u00e9veloppement \u00e9conomique et social qui vise \u00e0 dynamiser les secteurs porteurs de l\u2019\u00e9conomie. S\u2019agissant de la promotion et l\u2019officialisation des langues nationales du Burkina Faso, ce sont 103 d\u00e9put\u00e9s qui ont adopt\u00e9 le projet de loi y relatif. Le ministre de l\u2019Education nationale, de l\u2019Alphab\u00e9tisation et de la Promotion des langues nationales, Pr Stanislas Ouaro, devant les repr\u00e9sentants du peuple, a expliqu\u00e9 que depuis 1983, une \u00e9tude a abouti \u00e0 59 langues parl\u00e9es par des groupes ethniques au Burkina Faso. Ce qui n\u00e9cessite, \u00e0 ses dires, un approfondissement de cette donn\u00e9e dans le dessein de r\u00e9diger un document de politique linguistique sur la p\u00e9riode 2020-2030.<\/p>\n<p>Pour cela, foi du ministre Ouaro, des foras r\u00e9gionaux vont \u00eatre organis\u00e9es pour recueillir les attentes des populations en mati\u00e8re de promotion des langues nationales. Toujours, dans cette dynamique, a ajout\u00e9 Stanislas Ouaro, une enqu\u00eate va \u00eatre r\u00e9alis\u00e9e en vue de consolider et d\u2019am\u00e9liorer les r\u00e9sultats de l\u2019\u00e9tude de 1983. A l\u2019\u00e9couter, cette loi permet aux langues nationales de jouer leur partition dans les actions de d\u00e9veloppement socio\u00e9conomique, culturel et de coh\u00e9sion sociale. Leur promotion, a-t-il indiqu\u00e9, favorise aussi leur valorisation et renforce leur r\u00f4le dans l\u2019am\u00e9lioration des apprentissages et des enseignements au Burkina Faso.<\/p>\n<p class=\"c1\"><strong>Boukary BONKOUNGOU<\/strong><\/p>\n<div class=\"td-a-rec td-a-rec-id-content_bottom td_uid_31_5ce71437af664_rand td_block_template_1\"><img loading=\"lazy\" decoding=\"async\" class=\"alignright size-full wp-image-1724\" src=\"https:\/\/www.sidwaya.info\/wp-content\/uploads\/2018\/12\/sidwaya-pub.jpg\" alt=\"\" width=\"720\" height=\"90\"\/><\/div>\n<p>Auteur: DD. Sidwaya<br \/>\n<a href=\"https:\/\/www.sidwaya.info\/blog\/2019\/05\/23\/projet-de-renforcement-de-la-resilience-climatique-les-deputes-donnent-le-feu-vert\/\">Cliquez ici pour lire l&rsquo;article depuis sa source.<\/a><\/p>\n","protected":false},"excerpt":{"rendered":"<p>Les d\u00e9put\u00e9s ont adopt\u00e9 \u00e0 l\u2019unanimit\u00e9, le projet de ratification de l\u2019accord de don conclu entre le Burkina Faso et l\u2019Association internationale de d\u00e9veloppement, pour financer le projet de renforcement de la r\u00e9silience climatique, le jeudi 23 mai 2019, \u00e0 l\u2019h\u00e9micycle. Ils ont \u00e9galement ratifi\u00e9 deux autres projets de loi sur la cr\u00e9ation de la [&hellip;]<\/p>\n","protected":false},"author":1816,"featured_media":0,"comment_status":"closed","ping_status":"closed","sticky":false,"template":"","format":"standard","meta":{"fifu_image_url":"","fifu_image_alt":"","footnotes":""},"categories":[73,81],"tags":[],"class_list":["post-36237","post","type-post","status-publish","format-standard","hentry","category-actualite","category-burkina-faso"],"_links":{"self":[{"href":"https:\/\/linitiative.ca\/International\/wp-json\/wp\/v2\/posts\/36237","targetHints":{"allow":["GET"]}}],"collection":[{"href":"https:\/\/linitiative.ca\/International\/wp-json\/wp\/v2\/posts"}],"about":[{"href":"https:\/\/linitiative.ca\/International\/wp-json\/wp\/v2\/types\/post"}],"author":[{"embeddable":true,"href":"https:\/\/linitiative.ca\/International\/wp-json\/wp\/v2\/users\/1816"}],"replies":[{"embeddable":true,"href":"https:\/\/linitiative.ca\/International\/wp-json\/wp\/v2\/comments?post=36237"}],"version-history":[{"count":0,"href":"https:\/\/linitiative.ca\/International\/wp-json\/wp\/v2\/posts\/36237\/revisions"}],"wp:attachment":[{"href":"https:\/\/linitiative.ca\/International\/wp-json\/wp\/v2\/media?parent=36237"}],"wp:term":[{"taxonomy":"category","embeddable":true,"href":"https:\/\/linitiative.ca\/International\/wp-json\/wp\/v2\/categories?post=36237"},{"taxonomy":"post_tag","embeddable":true,"href":"https:\/\/linitiative.ca\/International\/wp-json\/wp\/v2\/tags?post=36237"}],"curies":[{"name":"wp","href":"https:\/\/api.w.org\/{rel}","templated":true}]}}