{"id":36238,"date":"2019-05-23T17:07:42","date_gmt":"2019-05-23T21:07:42","guid":{"rendered":"https:\/\/linitiative.ca\/International\/gouvernorat-du-centre-nord-casimir-segueda-officiellement-installe\/"},"modified":"2019-05-23T17:07:42","modified_gmt":"2019-05-23T21:07:42","slug":"gouvernorat-du-centre-nord-casimir-segueda-officiellement-installe","status":"publish","type":"post","link":"https:\/\/linitiative.ca\/International\/gouvernorat-du-centre-nord-casimir-segueda-officiellement-installe\/","title":{"rendered":"Gouvernorat du Centre-Nord  : Casimir S\u00e9gu\u00e9da officiellement install\u00e9"},"content":{"rendered":"<div class=\"td-post-featured-image\"><a href=\"https:\/\/i2.wp.com\/www.sidwaya.info\/wp-content\/uploads\/2019\/05\/1-61.jpg?fit=738%2C553&#038;ssl=1\" data-caption=\"\"><img loading=\"lazy\" decoding=\"async\" width=\"696\" height=\"522\" class=\"entry-thumb td-modal-image\" src=\"https:\/\/i2.wp.com\/www.sidwaya.info\/wp-content\/uploads\/2019\/05\/1-61.jpg?resize=696%2C522&#038;ssl=1\" srcset=\"https:\/\/i2.wp.com\/www.sidwaya.info\/wp-content\/uploads\/2019\/05\/1-61.jpg?w=738&#038;ssl=1 738w, https:\/\/i2.wp.com\/www.sidwaya.info\/wp-content\/uploads\/2019\/05\/1-61.jpg?resize=300%2C225&#038;ssl=1 300w, https:\/\/i2.wp.com\/www.sidwaya.info\/wp-content\/uploads\/2019\/05\/1-61.jpg?resize=80%2C60&#038;ssl=1 80w, https:\/\/i2.wp.com\/www.sidwaya.info\/wp-content\/uploads\/2019\/05\/1-61.jpg?resize=265%2C198&#038;ssl=1 265w, https:\/\/i2.wp.com\/www.sidwaya.info\/wp-content\/uploads\/2019\/05\/1-61.jpg?resize=696%2C522&#038;ssl=1 696w, https:\/\/i2.wp.com\/www.sidwaya.info\/wp-content\/uploads\/2019\/05\/1-61.jpg?resize=561%2C420&#038;ssl=1 561w\" sizes=\"auto, (max-width: 696px) 100vw, 696px\" alt=\"\" title=\"1\"\/><\/a><\/div>\n<div class=\"td-a-rec td-a-rec-id-content_top td_uid_30_5ce7143b3b184_rand td_block_template_1\"><img loading=\"lazy\" decoding=\"async\" class=\"aligncenter size-full wp-image-4463\" src=\"https:\/\/www.sidwaya.info\/wp-content\/uploads\/2019\/02\/FESPACO-TOUR-2019-Bannie%CC%80re-728x90-1.jpg\" alt=\"\" width=\"728\" height=\"90\"\/><\/div>\n<p><strong>Le ministre de l\u2019Enseignement sup\u00e9rieur, de la Recherche scientifique et de l\u2019Innovation, Alkoussoum Ma\u00efga, a officiellement install\u00e9, le jeudi 23 mai 2019 \u00e0 Kaya, le nouveau gouverneur de la r\u00e9gion du Centre-Nord, Casimir S\u00e9gu\u00e9da.<\/strong><\/p>\n<p>En remplacement de Nandy Som\u00e9, l\u2019ex-gouverneure de la r\u00e9gion du Centre-Sud, Casimir B. S\u00e9gu\u00e9da, nomm\u00e9 en Conseil des ministres du mercredi 8 mai 2019, a \u00e9t\u00e9 install\u00e9, le jeudi 23 mai 2019 \u00e0 Kaya, dans son fauteuil de premier responsable de la r\u00e9gion du Centre-Nord, par le ministre de l\u2019Enseignement sup\u00e9rieur, de la Recherche scientifique et de l\u2019Innovation, Alkoussoum Ma\u00efga. Dans son discours, le ministre Ma\u00efga l\u2019a invit\u00e9 \u00e0 \u0153uvrer pour la restauration de l\u2019autorit\u00e9 de l\u2019Etat et le respect \u00abtotal\u00bb de la loi. Les forces vives de la r\u00e9gion, a poursuivi M. Ma\u00efga, doivent \u00e9galement accompagner le nouveau gouverneur pour la r\u00e9ussite de ses missions. Quant \u00e0 la gouverneure sortante, le patron en charge de l\u2019enseignement sup\u00e9rieur l\u2019a f\u00e9licit\u00e9e pour son service rendu aux populations de la r\u00e9gion du Centre-Nord. Nandy Som\u00e9 a exprim\u00e9 sa reconnaissance \u00e0 l\u2019endroit des populations de la r\u00e9gion du Centre-Nord, malgr\u00e9 les difficult\u00e9s rencontr\u00e9es au cours de son mandat.<\/p>\n<p>\u00abD\u00e8s ma prise de fonction, le 5 janvier 2015, nous avons trait\u00e9 des dossiers tr\u00e8s sensibles, susceptibles de menacer la qui\u00e9tude des populations. Il s\u2019agit, notamment des contestations autour de l\u2019organisation du 11-D\u00e9cembre, de l\u2019organisation des \u00e9lections nationales et locales de 2015 et 2016, les diff\u00e9rentes revendications du milieu scolaire et syndical et la crise humanitaire aig\u00fce dans laquelle se trouve des milliers des d\u00e9plac\u00e9s\u00bb, a-t-elle list\u00e9. Selon la repr\u00e9sentante des Corps constitu\u00e9s de la r\u00e9gion du Centre-Nord, Mariam Douamba, par ailleurs directrice r\u00e9gionale de l\u2019Environnement, de l\u2019Economie verte et du Changement climatique, il s\u2019agit notamment, de la tenue r\u00e9guli\u00e8re des sessions des Cadres de concertation r\u00e9gionale (CCR), de l\u2019organisation de la Journ\u00e9e nationale du paysan (JNP) et de la Journ\u00e9e internationale de l\u00e9gumineuse \u00e0 Kongoussi, toutes en 2017 et de l\u2019organisation r\u00e9guli\u00e8re tournante des festivit\u00e9s du 11-D\u00e9cembre et l\u2019organisation de la f\u00eate du 8-Mars. Pour sa part, le nouveau gouverneur Casimir B. S\u00e9gu\u00e9da a rendu gr\u00e2ce \u00e0 Dieu pour ses bienfaits.<\/p>\n<p>\u00abNous t\u00e9moignons \u00e9galement toutes nos reconnaissances aux plus hautes autorit\u00e9s du pays qui m\u2019ont renouvel\u00e9 leur confiance. Je mesure la grandeur de cette charge au regard des d\u00e9fis \u00e0 relever\u00bb, a soulign\u00e9 M. S\u00e9gu\u00e9da. C\u2019est pourquoi, il a lanc\u00e9 un appel \u00e0 une union sacr\u00e9e \u00e0 l\u2019endroit des Forces vives de sa r\u00e9gion, afin de non seulement consolider les acquis engrang\u00e9s par son pr\u00e9d\u00e9cesseur mais aussi renforcer le vivre-ensemble dans la paix et la coh\u00e9sion sociale. \u00abJe reste disponible \u00e0 travailler avec l\u2019ensemble des forces vives de la r\u00e9gion, pour qu\u2019ensemble nous puissions relever le d\u00e9fi de la s\u00e9curit\u00e9\u00bb, a rassur\u00e9 le 5e gouverneur du Centre-Nord.<\/p>\n<p class=\"c1\"><strong>Emil SEGDA<\/strong><br \/><strong>Segda9emil@gmail.com<\/strong><\/p>\n<div class=\"td-a-rec td-a-rec-id-content_bottom td_uid_31_5ce7143b3b311_rand td_block_template_1\"><img loading=\"lazy\" decoding=\"async\" class=\"alignright size-full wp-image-1724\" src=\"https:\/\/www.sidwaya.info\/wp-content\/uploads\/2018\/12\/sidwaya-pub.jpg\" alt=\"\" width=\"720\" height=\"90\"\/><\/div>\n<p>Auteur: DD. Sidwaya<br \/>\n<a href=\"https:\/\/www.sidwaya.info\/blog\/2019\/05\/23\/gouvernorat-du-centre-nord-casimir-segueda-officiellement-installe\/\">Cliquez ici pour lire l&rsquo;article depuis sa source.<\/a><\/p>\n","protected":false},"excerpt":{"rendered":"<p>Le ministre de l\u2019Enseignement sup\u00e9rieur, de la Recherche scientifique et de l\u2019Innovation, Alkoussoum Ma\u00efga, a officiellement install\u00e9, le jeudi 23 mai 2019 \u00e0 Kaya, le nouveau gouverneur de la r\u00e9gion du Centre-Nord, Casimir S\u00e9gu\u00e9da. En remplacement de Nandy Som\u00e9, l\u2019ex-gouverneure de la r\u00e9gion du Centre-Sud, Casimir B. S\u00e9gu\u00e9da, nomm\u00e9 en Conseil des ministres du mercredi [&hellip;]<\/p>\n","protected":false},"author":1816,"featured_media":0,"comment_status":"closed","ping_status":"closed","sticky":false,"template":"","format":"standard","meta":{"fifu_image_url":"","fifu_image_alt":"","footnotes":""},"categories":[73,81],"tags":[],"class_list":["post-36238","post","type-post","status-publish","format-standard","hentry","category-actualite","category-burkina-faso"],"_links":{"self":[{"href":"https:\/\/linitiative.ca\/International\/wp-json\/wp\/v2\/posts\/36238","targetHints":{"allow":["GET"]}}],"collection":[{"href":"https:\/\/linitiative.ca\/International\/wp-json\/wp\/v2\/posts"}],"about":[{"href":"https:\/\/linitiative.ca\/International\/wp-json\/wp\/v2\/types\/post"}],"author":[{"embeddable":true,"href":"https:\/\/linitiative.ca\/International\/wp-json\/wp\/v2\/users\/1816"}],"replies":[{"embeddable":true,"href":"https:\/\/linitiative.ca\/International\/wp-json\/wp\/v2\/comments?post=36238"}],"version-history":[{"count":0,"href":"https:\/\/linitiative.ca\/International\/wp-json\/wp\/v2\/posts\/36238\/revisions"}],"wp:attachment":[{"href":"https:\/\/linitiative.ca\/International\/wp-json\/wp\/v2\/media?parent=36238"}],"wp:term":[{"taxonomy":"category","embeddable":true,"href":"https:\/\/linitiative.ca\/International\/wp-json\/wp\/v2\/categories?post=36238"},{"taxonomy":"post_tag","embeddable":true,"href":"https:\/\/linitiative.ca\/International\/wp-json\/wp\/v2\/tags?post=36238"}],"curies":[{"name":"wp","href":"https:\/\/api.w.org\/{rel}","templated":true}]}}