{"id":36239,"date":"2019-05-23T17:21:45","date_gmt":"2019-05-23T21:21:45","guid":{"rendered":"https:\/\/linitiative.ca\/International\/premier-ministere-satisfecit-pour-une-performance-de-633-en-2018\/"},"modified":"2019-05-23T17:21:45","modified_gmt":"2019-05-23T21:21:45","slug":"premier-ministere-satisfecit-pour-une-performance-de-633-en-2018","status":"publish","type":"post","link":"https:\/\/linitiative.ca\/International\/premier-ministere-satisfecit-pour-une-performance-de-633-en-2018\/","title":{"rendered":"Premier minist\u00e8re : satisfecit pour une performance de 63,3% en 2018"},"content":{"rendered":"<div class=\"td-post-featured-image\"><a href=\"https:\/\/i0.wp.com\/www.sidwaya.info\/wp-content\/uploads\/2019\/05\/1-63.jpg?fit=738%2C493&#038;ssl=1\" data-caption=\"\"><img loading=\"lazy\" decoding=\"async\" width=\"696\" height=\"465\" class=\"entry-thumb td-modal-image\" src=\"https:\/\/i0.wp.com\/www.sidwaya.info\/wp-content\/uploads\/2019\/05\/1-63.jpg?resize=696%2C465&#038;ssl=1\" srcset=\"https:\/\/i0.wp.com\/www.sidwaya.info\/wp-content\/uploads\/2019\/05\/1-63.jpg?w=738&#038;ssl=1 738w, https:\/\/i0.wp.com\/www.sidwaya.info\/wp-content\/uploads\/2019\/05\/1-63.jpg?resize=300%2C200&#038;ssl=1 300w, https:\/\/i0.wp.com\/www.sidwaya.info\/wp-content\/uploads\/2019\/05\/1-63.jpg?resize=696%2C465&#038;ssl=1 696w, https:\/\/i0.wp.com\/www.sidwaya.info\/wp-content\/uploads\/2019\/05\/1-63.jpg?resize=629%2C420&#038;ssl=1 629w\" sizes=\"auto, (max-width: 696px) 100vw, 696px\" alt=\"\" title=\"1\"\/><\/a><\/div>\n<div class=\"td-a-rec td-a-rec-id-content_top td_uid_30_5ce7143e7aff9_rand td_block_template_1\"><img loading=\"lazy\" decoding=\"async\" class=\"aligncenter size-full wp-image-4463\" src=\"https:\/\/www.sidwaya.info\/wp-content\/uploads\/2019\/02\/FESPACO-TOUR-2019-Bannie%CC%80re-728x90-1.jpg\" alt=\"\" width=\"728\" height=\"90\"\/><\/div>\n<p>De la c\u00e9l\u00e9rit\u00e9 et de l\u2019efficacit\u00e9 pour plus de performance au sein de la Primature, c\u2019est \u00e0 cela que le chef du gouvernement, Christophe Joseph Marie Dabir\u00e9 a invit\u00e9 son personnel lors de la premi\u00e8re session annuelle du cadre de concertation du Premier minist\u00e8re, le jeudi 23 mai 2019 \u00e0 Ouagadougou. La session s\u2019est tenue sous le th\u00e8me\u00a0: \u00abLe Premier minist\u00e8re face aux enjeux de la mesure de performance\u00bb. A l\u2019occasion de cet exercice de redevabilit\u00e9, Christophe Joseph Marie Dabir\u00e9 a salu\u00e9 un bilan \u00abassez satisfaisant\u00bb de mise en \u0153uvre des activit\u00e9s de son d\u00e9partement au vu des \u00abr\u00e9sultats significatifs enregistr\u00e9s\u00bb. En effet, a-t-il pr\u00e9cis\u00e9, la performance globale des structures du Premier minist\u00e8re a \u00e9t\u00e9 \u00e9valu\u00e9e au taux de 63,3%, \u00aben d\u00e9pit des contraintes financi\u00e8res et du contexte s\u00e9curitaire d\u00e9favorable\u00bb.<\/p>\n<p>Un r\u00e9sultat qu\u2019il a mis \u00e0 l\u2019actif de la \u00abcollaboration fructueuse\u00bb, \u00abl\u2019abn\u00e9gation\u00bb et \u00abla loyaut\u00e9\u00bb de ses collaborateurs. Au moment de se repositionner par rapport aux objectifs \u00e0 atteindre et annoncer des actions pour l\u2019ann\u00e9e 2019, le Premier ministre Dabir\u00e9, s\u2019est dit conscient des difficult\u00e9s de travail de ses agents et les a assur\u00e9s de sa disponibilit\u00e9 \u00e0 poursuivre les concertations pour aboutir \u00e0 des solutions appropri\u00e9es. En tout \u00e9tat de cause, a-t-il relev\u00e9, la pr\u00e9sente session servira d\u2019occasion pour poser les bases d\u2019une v\u00e9ritable r\u00e9volution dans la fa\u00e7on de travailler au sein de ce d\u00e9partement charg\u00e9 de coordonner l\u2019action gouvernementale.<\/p>\n<p>D\u2019ores et d\u00e9j\u00e0, il a pos\u00e9 comme pr\u00e9alables, plusieurs principes tels que la responsabilit\u00e9, l\u2019excellence, la performance, l\u2019esprit d\u2019\u00e9quipe, le respect mutuel, la solidarit\u00e9, l\u2019int\u00e9grit\u00e9, la confidentialit\u00e9, l\u2019esprit de d\u00e9vouement et le sens du bien commun. \u00abCette session s\u2019ouvre dans un contexte marqu\u00e9 par des revendications sociales dans diff\u00e9rents secteurs, qui<br \/>portent un coup dur \u00e0 la bonne marche des activit\u00e9s de notre administration\u00bb, a-t-il reconnu.<\/p>\n<p>Il s\u2019est cependant r\u00e9joui de l\u2019environnement \u00abapais\u00e9\u00bb qui pr\u00e9vaut dans son institution et a souhait\u00e9 que tous les acteurs de l\u2019administration publique se laissent guider par l\u2019int\u00e9r\u00eat g\u00e9n\u00e9ral. Du reste, il a exhort\u00e9 ses collaborateurs \u00e0 faire du Premier minist\u00e8re \u00abune institution de proue qui soutient avec responsabilit\u00e9 la coordination de l\u2019action gouvernementale pour une mise en \u0153uvre efficace de la politique de d\u00e9veloppement\u00bb. Outre la d\u00e9finition des prochaines actions du d\u00e9partement, le cadre de concertation a adopt\u00e9 les rapports d\u2019\u00e9valuation des performances des ann\u00e9es 2017 et 2018.<\/p>\n<p class=\"c1\"><strong>Fab\u00e9 Mamadou OUATTARA<\/strong><\/p>\n<div class=\"td-a-rec td-a-rec-id-content_bottom td_uid_31_5ce7143e7b1af_rand td_block_template_1\"><img loading=\"lazy\" decoding=\"async\" class=\"alignright size-full wp-image-1724\" src=\"https:\/\/www.sidwaya.info\/wp-content\/uploads\/2018\/12\/sidwaya-pub.jpg\" alt=\"\" width=\"720\" height=\"90\"\/><\/div>\n<p>Auteur: DD. Sidwaya<br \/>\n<a href=\"https:\/\/www.sidwaya.info\/blog\/2019\/05\/23\/premier-ministere-satisfecit-pour-une-performance-de-633-en-2018\/\">Cliquez ici pour lire l&rsquo;article depuis sa source.<\/a><\/p>\n","protected":false},"excerpt":{"rendered":"<p>De la c\u00e9l\u00e9rit\u00e9 et de l\u2019efficacit\u00e9 pour plus de performance au sein de la Primature, c\u2019est \u00e0 cela que le chef du gouvernement, Christophe Joseph Marie Dabir\u00e9 a invit\u00e9 son personnel lors de la premi\u00e8re session annuelle du cadre de concertation du Premier minist\u00e8re, le jeudi 23 mai 2019 \u00e0 Ouagadougou. La session s\u2019est tenue [&hellip;]<\/p>\n","protected":false},"author":1816,"featured_media":0,"comment_status":"closed","ping_status":"closed","sticky":false,"template":"","format":"standard","meta":{"fifu_image_url":"","fifu_image_alt":"","footnotes":""},"categories":[73,81],"tags":[],"class_list":["post-36239","post","type-post","status-publish","format-standard","hentry","category-actualite","category-burkina-faso"],"_links":{"self":[{"href":"https:\/\/linitiative.ca\/International\/wp-json\/wp\/v2\/posts\/36239","targetHints":{"allow":["GET"]}}],"collection":[{"href":"https:\/\/linitiative.ca\/International\/wp-json\/wp\/v2\/posts"}],"about":[{"href":"https:\/\/linitiative.ca\/International\/wp-json\/wp\/v2\/types\/post"}],"author":[{"embeddable":true,"href":"https:\/\/linitiative.ca\/International\/wp-json\/wp\/v2\/users\/1816"}],"replies":[{"embeddable":true,"href":"https:\/\/linitiative.ca\/International\/wp-json\/wp\/v2\/comments?post=36239"}],"version-history":[{"count":0,"href":"https:\/\/linitiative.ca\/International\/wp-json\/wp\/v2\/posts\/36239\/revisions"}],"wp:attachment":[{"href":"https:\/\/linitiative.ca\/International\/wp-json\/wp\/v2\/media?parent=36239"}],"wp:term":[{"taxonomy":"category","embeddable":true,"href":"https:\/\/linitiative.ca\/International\/wp-json\/wp\/v2\/categories?post=36239"},{"taxonomy":"post_tag","embeddable":true,"href":"https:\/\/linitiative.ca\/International\/wp-json\/wp\/v2\/tags?post=36239"}],"curies":[{"name":"wp","href":"https:\/\/api.w.org\/{rel}","templated":true}]}}