{"id":36240,"date":"2019-05-23T17:31:03","date_gmt":"2019-05-23T21:31:03","guid":{"rendered":"https:\/\/linitiative.ca\/International\/soutien-aux-editions-sidwaya-le-ministre-bachir-ouedraogo-promet-un-back-up-solaire\/"},"modified":"2019-05-23T17:31:03","modified_gmt":"2019-05-23T21:31:03","slug":"soutien-aux-editions-sidwaya-le-ministre-bachir-ouedraogo-promet-un-back-up-solaire","status":"publish","type":"post","link":"https:\/\/linitiative.ca\/International\/soutien-aux-editions-sidwaya-le-ministre-bachir-ouedraogo-promet-un-back-up-solaire\/","title":{"rendered":"Soutien aux Editions Sidwaya : le ministre Bachir Ou\u00e9draogo promet un back-up solaire"},"content":{"rendered":"<div class=\"td-post-featured-image\"><a href=\"https:\/\/i1.wp.com\/www.sidwaya.info\/wp-content\/uploads\/2019\/05\/000.jpg?fit=738%2C493&#038;ssl=1\" data-caption=\"\"><img loading=\"lazy\" decoding=\"async\" width=\"696\" height=\"465\" class=\"entry-thumb td-modal-image\" src=\"https:\/\/i1.wp.com\/www.sidwaya.info\/wp-content\/uploads\/2019\/05\/000.jpg?resize=696%2C465&#038;ssl=1\" srcset=\"https:\/\/i1.wp.com\/www.sidwaya.info\/wp-content\/uploads\/2019\/05\/000.jpg?w=738&#038;ssl=1 738w, https:\/\/i1.wp.com\/www.sidwaya.info\/wp-content\/uploads\/2019\/05\/000.jpg?resize=300%2C200&#038;ssl=1 300w, https:\/\/i1.wp.com\/www.sidwaya.info\/wp-content\/uploads\/2019\/05\/000.jpg?resize=696%2C465&#038;ssl=1 696w, https:\/\/i1.wp.com\/www.sidwaya.info\/wp-content\/uploads\/2019\/05\/000.jpg?resize=629%2C420&#038;ssl=1 629w\" sizes=\"auto, (max-width: 696px) 100vw, 696px\" alt=\"\" title=\"000\"\/><\/a><\/div>\n<div class=\"td-a-rec td-a-rec-id-content_top td_uid_30_5ce714420d82f_rand td_block_template_1\"><img loading=\"lazy\" decoding=\"async\" class=\"aligncenter size-full wp-image-4463\" src=\"https:\/\/www.sidwaya.info\/wp-content\/uploads\/2019\/02\/FESPACO-TOUR-2019-Bannie%CC%80re-728x90-1.jpg\" alt=\"\" width=\"728\" height=\"90\"\/><\/div>\n<p><strong>Le ministre de l\u2019Energie, Bachir Isma\u00ebl Ou\u00e9draogo, a visit\u00e9 les Edition Sidwaya, le jeudi 23 mai 2019 \u00e0 Ouagadougou. Il a reconnu le professionnalisme du personnel de l\u2019entreprise et a promis de soutenir la politique d\u2019efficacit\u00e9 \u00e9nerg\u00e9tique de l\u2019institution.<\/strong><\/p>\n<p>De l\u2019imprimerie compos\u00e9e de la section des op\u00e9ratrices de saisie, de montage, de finition, de tirage (\u2026) jusqu\u2019\u00e0 la grande salle de r\u00e9daction en passant le service de documentation et archives ainsi que les r\u00e9dactions sports et Internet, le ministre de l\u2019Energie, Bachir Isma\u00ebl Ou\u00e9draogo a visit\u00e9, le jeudi 23 mai 2019 tous les compartiments des Editions Sidwaya. Il a pos\u00e9 des questions de compr\u00e9hension par moment afin de se faire une id\u00e9e du m\u00e9canisme de fabrication du journal. A la fin de sa visite guid\u00e9e, le patron de l\u2019Energie a reconnu la qualit\u00e9 du travail abattu par le personnel pour permettre aux lecteurs d\u2019\u00eatre inform\u00e9s au quotidien.<\/p>\n<p>Il a pris l\u2019engagement de soutenir la \u00abMaison commune\u00bb pour am\u00e9liorer son efficacit\u00e9 \u00e9nerg\u00e9tique. \u00abSidwaya a une grande histoire dans la vie de notre pays en termes d\u2019information juste et de sensibilisation. Nous saluons le travail laborieux accompli, et nous vous encourageons \u00e0 continuer d\u2019aller de l\u2019avant, d\u2019autant plus que vous avez un personnel qualifi\u00e9 et des journalistes v\u00e9ritablement professionnels\u00bb, a d\u00e9clar\u00e9 le ministre. Selon lui, il \u00e9tait de bon ton qu\u2019il visite la cha\u00eene de production du m\u00e9dia d\u2019Etat. \u00abJ\u2019ai \u00e9t\u00e9 \u00e9merveill\u00e9 de voir le travail de belle facture r\u00e9alis\u00e9, mais, parfois dans des conditions tr\u00e8s difficiles. Je f\u00e9licite toute l\u2019\u00e9quipe\u00bb, a reconnu l\u2019h\u00f4te du jour.<\/p>\n<p>\u00abL\u2019Agence nationale des \u00e9nergies et \u00e9nergies renouvelables (ANEERE) va envoyer des techniciens pour \u00e9changer avec la direction g\u00e9n\u00e9rale afin de voir dans quelle mesure vous pourrez b\u00e9n\u00e9ficier d\u2019un back up solaire. Ce sera notre modeste contribution pour dire que nous sommes contents de ce que vous faites\u00bb, a conclu le ministre.<\/p>\n<p class=\"c1\"><strong>Wanl\u00e9 G\u00e9rard COULIBALY<\/strong><\/p>\n<div class=\"td-a-rec td-a-rec-id-content_bottom td_uid_31_5ce714420d9c3_rand td_block_template_1\"><img loading=\"lazy\" decoding=\"async\" class=\"alignright size-full wp-image-1724\" src=\"https:\/\/www.sidwaya.info\/wp-content\/uploads\/2018\/12\/sidwaya-pub.jpg\" alt=\"\" width=\"720\" height=\"90\"\/><\/div>\n<p>Auteur: DD. Sidwaya<br \/>\n<a href=\"https:\/\/www.sidwaya.info\/blog\/2019\/05\/23\/soutien-aux-editions-sidwaya-le-ministre-bachir-ouedraogo-promet-un-back-up-solaire\/\">Cliquez ici pour lire l&rsquo;article depuis sa source.<\/a><\/p>\n","protected":false},"excerpt":{"rendered":"<p>Le ministre de l\u2019Energie, Bachir Isma\u00ebl Ou\u00e9draogo, a visit\u00e9 les Edition Sidwaya, le jeudi 23 mai 2019 \u00e0 Ouagadougou. Il a reconnu le professionnalisme du personnel de l\u2019entreprise et a promis de soutenir la politique d\u2019efficacit\u00e9 \u00e9nerg\u00e9tique de l\u2019institution. De l\u2019imprimerie compos\u00e9e de la section des op\u00e9ratrices de saisie, de montage, de finition, de tirage [&hellip;]<\/p>\n","protected":false},"author":1816,"featured_media":0,"comment_status":"closed","ping_status":"closed","sticky":false,"template":"","format":"standard","meta":{"fifu_image_url":"","fifu_image_alt":"","footnotes":""},"categories":[73,81],"tags":[],"class_list":["post-36240","post","type-post","status-publish","format-standard","hentry","category-actualite","category-burkina-faso"],"_links":{"self":[{"href":"https:\/\/linitiative.ca\/International\/wp-json\/wp\/v2\/posts\/36240","targetHints":{"allow":["GET"]}}],"collection":[{"href":"https:\/\/linitiative.ca\/International\/wp-json\/wp\/v2\/posts"}],"about":[{"href":"https:\/\/linitiative.ca\/International\/wp-json\/wp\/v2\/types\/post"}],"author":[{"embeddable":true,"href":"https:\/\/linitiative.ca\/International\/wp-json\/wp\/v2\/users\/1816"}],"replies":[{"embeddable":true,"href":"https:\/\/linitiative.ca\/International\/wp-json\/wp\/v2\/comments?post=36240"}],"version-history":[{"count":0,"href":"https:\/\/linitiative.ca\/International\/wp-json\/wp\/v2\/posts\/36240\/revisions"}],"wp:attachment":[{"href":"https:\/\/linitiative.ca\/International\/wp-json\/wp\/v2\/media?parent=36240"}],"wp:term":[{"taxonomy":"category","embeddable":true,"href":"https:\/\/linitiative.ca\/International\/wp-json\/wp\/v2\/categories?post=36240"},{"taxonomy":"post_tag","embeddable":true,"href":"https:\/\/linitiative.ca\/International\/wp-json\/wp\/v2\/tags?post=36240"}],"curies":[{"name":"wp","href":"https:\/\/api.w.org\/{rel}","templated":true}]}}