{"id":36241,"date":"2019-05-23T17:39:43","date_gmt":"2019-05-23T21:39:43","guid":{"rendered":"https:\/\/linitiative.ca\/International\/gestion-de-la-fronde-sociale-le-balai-citoyen-blame-le-gouvernement\/"},"modified":"2019-05-23T17:39:43","modified_gmt":"2019-05-23T21:39:43","slug":"gestion-de-la-fronde-sociale-le-balai-citoyen-blame-le-gouvernement","status":"publish","type":"post","link":"https:\/\/linitiative.ca\/International\/gestion-de-la-fronde-sociale-le-balai-citoyen-blame-le-gouvernement\/","title":{"rendered":"Gestion de la fronde sociale  : le Balai citoyen \u00abbl\u00e2me\u00bb  le gouvernement"},"content":{"rendered":"<div class=\"td-post-featured-image\"><a href=\"https:\/\/i0.wp.com\/www.sidwaya.info\/wp-content\/uploads\/2019\/05\/1-64.jpg?fit=738%2C553&#038;ssl=1\" data-caption=\"\"><img loading=\"lazy\" decoding=\"async\" width=\"696\" height=\"522\" class=\"entry-thumb td-modal-image\" src=\"https:\/\/i0.wp.com\/www.sidwaya.info\/wp-content\/uploads\/2019\/05\/1-64.jpg?resize=696%2C522&#038;ssl=1\" srcset=\"https:\/\/i0.wp.com\/www.sidwaya.info\/wp-content\/uploads\/2019\/05\/1-64.jpg?w=738&#038;ssl=1 738w, https:\/\/i0.wp.com\/www.sidwaya.info\/wp-content\/uploads\/2019\/05\/1-64.jpg?resize=300%2C225&#038;ssl=1 300w, https:\/\/i0.wp.com\/www.sidwaya.info\/wp-content\/uploads\/2019\/05\/1-64.jpg?resize=80%2C60&#038;ssl=1 80w, https:\/\/i0.wp.com\/www.sidwaya.info\/wp-content\/uploads\/2019\/05\/1-64.jpg?resize=265%2C198&#038;ssl=1 265w, https:\/\/i0.wp.com\/www.sidwaya.info\/wp-content\/uploads\/2019\/05\/1-64.jpg?resize=696%2C522&#038;ssl=1 696w, https:\/\/i0.wp.com\/www.sidwaya.info\/wp-content\/uploads\/2019\/05\/1-64.jpg?resize=561%2C420&#038;ssl=1 561w\" sizes=\"auto, (max-width: 696px) 100vw, 696px\" alt=\"\" title=\"1\"\/><\/a><\/div>\n<div class=\"td-a-rec td-a-rec-id-content_top td_uid_30_5ce7144531a4b_rand td_block_template_1\"><img loading=\"lazy\" decoding=\"async\" class=\"aligncenter size-full wp-image-4463\" src=\"https:\/\/www.sidwaya.info\/wp-content\/uploads\/2019\/02\/FESPACO-TOUR-2019-Bannie%CC%80re-728x90-1.jpg\" alt=\"\" width=\"728\" height=\"90\"\/><\/div>\n<p><strong>La Coordination nationale du Balai citoyen a anim\u00e9 une conf\u00e9rence de presse, le jeudi 23 mai 2019 \u00e0 Ouagadougou, pour se prononcer sur la situation nationale. La s\u00e9curit\u00e9, la fronde sociale et le projet de d\u00e9classement partiel de la for\u00eat de Kua \u00e0 Bobo-Dioulasso pour construire un h\u00f4pital ont \u00e9t\u00e9 les principaux points abord\u00e9s.<\/strong><\/p>\n<p>La gestion de l\u2019Etat par le pouvoir du Mouvement pour le peuple et le progr\u00e8s (MPP) et ses alli\u00e9s n\u2019est pas bien per\u00e7ue dans les rangs du Balai citoyen. Le mouvement a exprim\u00e9 son insatisfaction dans la conduite des affaires publiques au cours d\u2019une conf\u00e9rence de presse, hier jeudi 23 mai 2019 dans la capitale burkinab\u00e8. La Coordination nationale a indiqu\u00e9 que la liste des pr\u00e9occupations est si longue qu\u2019elle ne pourra pas toutes les \u00e9grener. Pour ce faire, elle s\u2019est content\u00e9e de quatre probl\u00e9matiques \u00e0 savoir la s\u00e9curit\u00e9, la justice, la fronde sociale et le projet de d\u00e9classement partiel de la for\u00eat de Kua dans la commune de Bobo-Dioulasso pour construire un h\u00f4pital. Sur ce dernier point, le Balai citoyen s\u2019oppose au projet. Un des responsables du mouvement, Serge Bambara, alias Smokey, a d\u00e9nonc\u00e9 l\u2019attitude du chef du gouvernement, devant la Repr\u00e9sentation nationale qui ne s\u2019est pas g\u00ean\u00e9 de dire que ce sont les Chinois qui ont choisi le site de la for\u00eat class\u00e9e.<\/p>\n<p>\u00abIci, la raison semble \u00eatre les caprices d\u2019un bailleur de fonds. C\u2019est un tr\u00e8s mauvais signe en mati\u00e8re de sauvegarde de l\u2019environnement\u00bb, s\u2019est-il insurg\u00e9. Concernant la fronde sociale, le Balai citoyen a aussi d\u00e9cri\u00e9 la gestion des crises dans les secteurs de la justice, de la sant\u00e9 etc. \u00abTous ces fronts sociaux ont un d\u00e9nominateur commun\u00a0: l\u2019application des textes d\u00e9j\u00e0 adopt\u00e9s ou pour la mise en \u0153uvre des protocoles d\u2019accord conclus de commun accord avec le gouvernement et les syndicats\u00bb, a relev\u00e9 Smockey. Puis de pr\u00e9ciser que ces gr\u00e8ves r\u00e9v\u00e8lent un probl\u00e8me de gouvernance globale du pr\u00e9sident Roch Marc Christian Kabor\u00e9 et de sa majorit\u00e9 pr\u00e9sidentielle depuis leur arriv\u00e9e aux affaires. Fort de cette analyse, M. Bambara a conclu que s\u2019il devait noter le gouvernement pour sa gestion des crises dans la Fonction publique, il lui attribuera le \u00abbl\u00e2me\u00bb. Sur le volet s\u00e9curitaire, le Balai citoyen a d\u00e9plor\u00e9 les victimes des attaques terroristes en 2019 et salu\u00e9 \u00abl\u2019op\u00e9ration\u00a0Otapuanu\u00a0 qui a permis de venir \u00e0 bout des terroristes dans les r\u00e9gions de l\u2019Est et du Centre-Est\u00bb.<\/p>\n<p><strong>\u00abUne offre ind\u00e9cente\u00bb<\/strong><\/p>\n<p>Il a par ailleurs appel\u00e9 les autorit\u00e9s et les populations \u00e0 ne pas baisser la garde dans cette partie du pays et souhait\u00e9 plein succ\u00e8s \u00e0 l\u2019op\u00e9ration \u00abNdofu\u00bb, actuellement en cours dans le Sahel et dans le Centre-Nord. Toutefois, le conf\u00e9rencier a attir\u00e9 l\u2019attention de la hi\u00e9rarchie militaire sur l\u2019importance de mener ces op\u00e9rations dans le respect des droits humains. Quant aux assassinats cibl\u00e9s de leaders communautaires ayant entra\u00een\u00e9 \u00e0 Yirgou et \u00e0 Arbinda, \u00abune r\u00e9pression meurtri\u00e8re men\u00e9e par une partie de la population contre une autre\u00bb, Serge Bambara et ses camarades ont invit\u00e9 les autorit\u00e9s \u00e0 mettre \u00e0 la disposition de la justice, les moyens n\u00e9cessaires pour mener son travail de recherche de la v\u00e9rit\u00e9. Quelle appr\u00e9ciation porte le Balai citoyen sur le dernier rapport du Mouvement burkinab\u00e8 des droits de l\u2019homme et des peuples (MBDHP) sur les pr\u00e9tendues ex\u00e9cutions sommaires commises par les forces de l\u2019ordre\u00a0?<\/p>\n<p>Quelle lecture le mouvement fait-il de la proposition de l\u2019ancien pr\u00e9sident Blaise Compaor\u00e9 pour soutenir le Burkina dans sa lutte contre le terrorisme\u00a0? En r\u00e9ponse \u00e0 ces questions des journalistes, le porte-parole du Balai citoyen, Guy Herv\u00e9 Kam a indiqu\u00e9, en lien avec le rapport du MBDHP, que son mouvement ne porte pas de jugement. \u00abChacun est dans son r\u00f4le. Avant ce rapport, nous avons tir\u00e9 la sonnette d\u2019alarme sur des cas qui nous ont \u00e9t\u00e9 rapport\u00e9s. Nous sommes conscients que la lutte contre le terrorisme ne peut se gagner que dans le cadre du respect des droits humains\u00bb, a-t-il d\u00e9clar\u00e9. Pour ce qui est de la proposition de Blaise Compaor\u00e9, M. Kam pense que c\u2019est le pyromane qui veut jouer au pompier.<\/p>\n<p>\u00abL\u2019offre de service de Blaise Compaor\u00e9 est ind\u00e9cente. Ce que le peuple attend de lui est qu\u2019il vienne r\u00e9pondre des crimes de sang et \u00e9conomiques qui lui sont reproch\u00e9s\u00bb, a-t-il d\u00e9clar\u00e9.<\/p>\n<p class=\"c1\"><strong>Abdoulaye BALBONE<\/strong><\/p>\n<div class=\"td-a-rec td-a-rec-id-content_bottom td_uid_31_5ce7144531c04_rand td_block_template_1\"><img loading=\"lazy\" decoding=\"async\" class=\"alignright size-full wp-image-1724\" src=\"https:\/\/www.sidwaya.info\/wp-content\/uploads\/2018\/12\/sidwaya-pub.jpg\" alt=\"\" width=\"720\" height=\"90\"\/><\/div>\n<p>Auteur: DD. Sidwaya<br \/>\n<a href=\"https:\/\/www.sidwaya.info\/blog\/2019\/05\/23\/gestion-de-la-fronde-sociale-le-balai-citoyen-blame-le-gouvernement\/\">Cliquez ici pour lire l&rsquo;article depuis sa source.<\/a><\/p>\n","protected":false},"excerpt":{"rendered":"<p>La Coordination nationale du Balai citoyen a anim\u00e9 une conf\u00e9rence de presse, le jeudi 23 mai 2019 \u00e0 Ouagadougou, pour se prononcer sur la situation nationale. La s\u00e9curit\u00e9, la fronde sociale et le projet de d\u00e9classement partiel de la for\u00eat de Kua \u00e0 Bobo-Dioulasso pour construire un h\u00f4pital ont \u00e9t\u00e9 les principaux points abord\u00e9s. La [&hellip;]<\/p>\n","protected":false},"author":1816,"featured_media":0,"comment_status":"closed","ping_status":"closed","sticky":false,"template":"","format":"standard","meta":{"fifu_image_url":"","fifu_image_alt":"","footnotes":""},"categories":[73,81],"tags":[],"class_list":["post-36241","post","type-post","status-publish","format-standard","hentry","category-actualite","category-burkina-faso"],"_links":{"self":[{"href":"https:\/\/linitiative.ca\/International\/wp-json\/wp\/v2\/posts\/36241","targetHints":{"allow":["GET"]}}],"collection":[{"href":"https:\/\/linitiative.ca\/International\/wp-json\/wp\/v2\/posts"}],"about":[{"href":"https:\/\/linitiative.ca\/International\/wp-json\/wp\/v2\/types\/post"}],"author":[{"embeddable":true,"href":"https:\/\/linitiative.ca\/International\/wp-json\/wp\/v2\/users\/1816"}],"replies":[{"embeddable":true,"href":"https:\/\/linitiative.ca\/International\/wp-json\/wp\/v2\/comments?post=36241"}],"version-history":[{"count":0,"href":"https:\/\/linitiative.ca\/International\/wp-json\/wp\/v2\/posts\/36241\/revisions"}],"wp:attachment":[{"href":"https:\/\/linitiative.ca\/International\/wp-json\/wp\/v2\/media?parent=36241"}],"wp:term":[{"taxonomy":"category","embeddable":true,"href":"https:\/\/linitiative.ca\/International\/wp-json\/wp\/v2\/categories?post=36241"},{"taxonomy":"post_tag","embeddable":true,"href":"https:\/\/linitiative.ca\/International\/wp-json\/wp\/v2\/tags?post=36241"}],"curies":[{"name":"wp","href":"https:\/\/api.w.org\/{rel}","templated":true}]}}