{"id":36252,"date":"2019-05-23T16:18:06","date_gmt":"2019-05-23T20:18:06","guid":{"rendered":"https:\/\/linitiative.ca\/International\/au-31-aout-2018-les-prisons-ivoiriennes-comptaient-18-592-pensionnaires-rapport\/"},"modified":"2019-05-23T16:18:06","modified_gmt":"2019-05-23T20:18:06","slug":"au-31-aout-2018-les-prisons-ivoiriennes-comptaient-18-592-pensionnaires-rapport","status":"publish","type":"post","link":"https:\/\/linitiative.ca\/International\/au-31-aout-2018-les-prisons-ivoiriennes-comptaient-18-592-pensionnaires-rapport\/","title":{"rendered":"Au 31 ao\u00fbt 2018, les prisons ivoiriennes comptaient 18 592 pensionnaires (Rapport)"},"content":{"rendered":"<div readability=\"32\">\n<p>Publi\u00e9 le 23.05.2019 \u00e0 21h18 par APA News<\/p>\n<\/div>\n<div readability=\"77\">\n<p>Un rapport sur les prisons ivoiriennes \u00e0 l\u2019initiative de l\u2019Observatoire des lieux de d\u00e9tentions (OBSLID) publi\u00e9, jeudi \u00e0 Abidjan, indique une surpopulation de 266 % correspondant \u00e0 quelques 18592 pensionnaires au 31 ao\u00fbt 2018.Selon le \u00a0rapport de cette coalition d\u2019Organisations non gouvernementale qui a eu l\u2019appui de l\u2019Ambassade de la Suisse en C\u00f4te d\u2019Ivoire, l\u2019\u00e9tat des prisons est d\u00e9gradant.<\/p>\n<p>\u00abLes Maisons d\u2019arr\u00eats et de correction (MAC) \u00a0visit\u00e9es disposent officiellement au total 6989 m2 de surface de dortoir. Au 31 ao\u00fbt 2018, il y avait 18 592 pensionnaires soit un taux de surpopulation de 266 % \u00bb, indique le rapport \u00e0 la suite d\u2019une mission dans les 34 lieux de d\u00e9tention que compte le pays.<\/p>\n<p>Ce document regrette \u00ab en moyenne \u00bb que \u00ab chaque d\u00e9tenu \u00a0disposait de 0,37 m2 ce qui est nettement inf\u00e9rieur \u00a0\u00e0 la norme ivoirienne qui est de 3m2 par d\u00e9tenu \u00bb.<\/p>\n<p>Par ailleurs, \u00a0l\u2019on note un sous-effectif du \u00a0personnel d\u2019encadrement de ces prisons.<\/p>\n<p>\u00ab Les 34 prisons sont administr\u00e9es par un effectif \u00a0en personnel de 2 796 dont 2 573 agents p\u00e9nitentiaires (92%) 99 travailleurs sociaux (3,54%) et 104 personnels m\u00e9dicaux (3,71%) quand le ratio g\u00e9n\u00e9ral donne environ 1 personnel pour 6,64 d\u00e9tenus \u00bb.<\/p>\n<p>Avec un budget d\u2019environ 4 milliards FCFA, \u00ables prisons ont du mal \u00e0 nourrir convenablement \u00a0les d\u00e9tenus et \u00e0 les soigner \u00bb, d\u00e9nonce le Rapport.<\/p>\n<p>Pour le Pr\u00e9sident de l\u2019Observatoire, \u00a0Paul Angaman, \u00abl\u2019Etat a l\u2019obligation d\u2019am\u00e9liorer les conditions de d\u00e9tention \u00bb, insistant que \u00a0\u00abnos prisons ne sont pas aux normes, elles sont v\u00e9tustes, construites lors de la colonisation pour la plupart \u00bb.<\/p>\n<p>En d\u00e9but d\u2019ann\u00e9e, le gouvernement ivoirien avait pr\u00e9sent\u00e9 un projet de construction de dix nouvelles prisons \u00e0 travers le pays.<\/p>\n<\/div>\n<p>Auteur: APA News<br \/>\n<a href=\"https:\/\/www.journalducameroun.com\/au-31-aout-2018-les-prisons-ivoiriennes-comptaient-18-592-pensionnaires-rapport\/\">Cliquez ici pour lire l&rsquo;article depuis sa source.<\/a><\/p>\n","protected":false},"excerpt":{"rendered":"<p>Publi\u00e9 le 23.05.2019 \u00e0 21h18 par APA News Un rapport sur les prisons ivoiriennes \u00e0 l\u2019initiative de l\u2019Observatoire des lieux de d\u00e9tentions (OBSLID) publi\u00e9, jeudi \u00e0 Abidjan, indique une surpopulation de 266 % correspondant \u00e0 quelques 18592 pensionnaires au 31 ao\u00fbt 2018.Selon le \u00a0rapport de cette coalition d\u2019Organisations non gouvernementale qui a eu l\u2019appui de [&hellip;]<\/p>\n","protected":false},"author":1965,"featured_media":0,"comment_status":"closed","ping_status":"closed","sticky":false,"template":"","format":"standard","meta":{"fifu_image_url":"","fifu_image_alt":"","footnotes":""},"categories":[73,82],"tags":[],"class_list":["post-36252","post","type-post","status-publish","format-standard","hentry","category-actualite","category-cameroun"],"_links":{"self":[{"href":"https:\/\/linitiative.ca\/International\/wp-json\/wp\/v2\/posts\/36252","targetHints":{"allow":["GET"]}}],"collection":[{"href":"https:\/\/linitiative.ca\/International\/wp-json\/wp\/v2\/posts"}],"about":[{"href":"https:\/\/linitiative.ca\/International\/wp-json\/wp\/v2\/types\/post"}],"author":[{"embeddable":true,"href":"https:\/\/linitiative.ca\/International\/wp-json\/wp\/v2\/users\/1965"}],"replies":[{"embeddable":true,"href":"https:\/\/linitiative.ca\/International\/wp-json\/wp\/v2\/comments?post=36252"}],"version-history":[{"count":0,"href":"https:\/\/linitiative.ca\/International\/wp-json\/wp\/v2\/posts\/36252\/revisions"}],"wp:attachment":[{"href":"https:\/\/linitiative.ca\/International\/wp-json\/wp\/v2\/media?parent=36252"}],"wp:term":[{"taxonomy":"category","embeddable":true,"href":"https:\/\/linitiative.ca\/International\/wp-json\/wp\/v2\/categories?post=36252"},{"taxonomy":"post_tag","embeddable":true,"href":"https:\/\/linitiative.ca\/International\/wp-json\/wp\/v2\/tags?post=36252"}],"curies":[{"name":"wp","href":"https:\/\/api.w.org\/{rel}","templated":true}]}}