{"id":36253,"date":"2019-05-23T16:50:01","date_gmt":"2019-05-23T20:50:01","guid":{"rendered":"https:\/\/linitiative.ca\/International\/en-tunisie-le-pelerinage-juif-de-la-ghriba-a-retrouve-des-couleurs\/"},"modified":"2019-05-23T16:50:01","modified_gmt":"2019-05-23T20:50:01","slug":"en-tunisie-le-pelerinage-juif-de-la-ghriba-a-retrouve-des-couleurs","status":"publish","type":"post","link":"https:\/\/linitiative.ca\/International\/en-tunisie-le-pelerinage-juif-de-la-ghriba-a-retrouve-des-couleurs\/","title":{"rendered":"En Tunisie, le p\u00e8lerinage juif de la Ghriba a retrouv\u00e9 des couleurs"},"content":{"rendered":"<div readability=\"32\">\n<p>Publi\u00e9 le 23.05.2019 \u00e0 21h50 par AFP<\/p>\n<\/div>\n<div readability=\"116\">\n<p>Les fid\u00e8les juifs sont venus par milliers en p\u00e8lerinage \u00e0 la Ghriba, dans le sud de la Tunisie, confirmant un regain de fr\u00e9quentation \u00e0 la faveur d\u2019une am\u00e9lioration de la s\u00e9curit\u00e9 qui laisse \u00e9galement augurer d\u2019une saison touristique record.<\/p>\n<p>Ce p\u00e8lerinage, organis\u00e9 chaque ann\u00e9e au 33e jour de la P\u00e2que juive, co\u00efncidait cette ann\u00e9e, pour la premi\u00e8re fois depuis 1987, avec le mois sacr\u00e9 de je\u00fbne musulman du ramadan.<\/p>\n<p>\u00ab\u00a0Ce p\u00e8lerinage juif en terre musulmane d\u00e9fraie la chronique, surtout en plein ramadan, au moment o\u00f9 la f\u00e9brilit\u00e9 et le fanatisme augmente\u00a0\u00bb, souligne l\u2019historien tunisien Habib Kazdaghli.<\/p>\n<p>Plusieurs milliers de p\u00e8lerins ont d\u00e9fil\u00e9 mercredi et jeudi, une affluence en nette augmentation selon un responsable s\u00e9curitaire sur place et un organisateur. Plus de 5.000 personnes sont attendues au cours de la semaine.<\/p>\n<p>Le p\u00e8lerinage renoue peu \u00e0 peu avec sa fr\u00e9quentation d\u2019avant un attentat qui l\u2019avait endeuill\u00e9 en 2002, quand il attirait quelque 8.000 fid\u00e8les chaque ann\u00e9e sur l\u2019\u00eele de Djerba.<\/p>\n<p>L\u2019attentat revendiqu\u00e9 par Al Qa\u00efda, qui avait co\u00fbt\u00e9 la vie \u00e0 21 personnes dont une majorit\u00e9 d\u2019Allemands, avait donn\u00e9 un coup d\u2019arr\u00eat au p\u00e8lerinage.<\/p>\n<p>Cette \u00e9dition a \u00e9t\u00e9 marqu\u00e9e par \u00ab\u00a0le retour de juifs originaires de Tunisie dont certains n\u2019\u00e9taient pas venu depuis 40 ou 50 ans\u00a0\u00bb, s\u2019est f\u00e9licit\u00e9 le ministre tunisien du Tourisme, Ren\u00e9 Trabelsi, un des anciens organisateurs du festival.<\/p>\n<p>Ce voyagiste, fils du responsable de la synagogue de la Ghriba, est devenu en novembre le premier Tunisien de confession juive \u00e0 occuper un poste de ministre depuis l\u2019\u00e8re de Habib Bourguiba (1957-1987).<\/p>\n<p>\u00ab\u00a0Cela rentre dans la politique de redorer l\u2019image de la Tunisie, seul pays arabe d\u00e9mocratique\u00a0\u00bb et de \u00ab\u00a0montrer que les touristes peuvent venir sereinement en Tunisie\u00a0\u00bb, souligne-t-il. \u00ab\u00a0R\u00e9ussir au niveau s\u00e9curit\u00e9 un p\u00e8lerinage juif d\u2019un importance extraordinaire dans un pays arabe musulman, c\u2019est un exploit\u00a0\u00bb.<\/p>\n<p>Environ 600 personnes sont venues d\u2019Isra\u00ebl, selon Sara Alfassi, l\u2019un des accompagnatrices.<\/p>\n<p>\u00ab\u00a0Leur premi\u00e8re inqui\u00e9tude, c\u2019est la s\u00e9curit\u00e9\u00a0\u00bb, souligne-t-elle, \u00ab\u00a0mais ils ont \u00e9t\u00e9 rassur\u00e9s par ce qu\u2019ils ont entendu dire, notamment via les vid\u00e9os enthousiastes mises par des p\u00e8lerins l\u2019an dernier sur Facebook\u00a0\u00bb.<\/p>\n<p>Les fid\u00e8les ont pri\u00e9 et chant\u00e9 en h\u00e9breu dans la synagogue baign\u00e9e d\u2019encens, et d\u00e9pos\u00e9 des oeufs couverts de voeux dans une cavit\u00e9 au pied des arches saintes, avant de sortir en procession avec la \u00ab\u00a0menara\u00a0\u00bb, un objet de culte couvert de foulards.<\/p>\n<p>Cette procession faisait habituellement le tour des autres synagogues de l\u2019\u00eele et des quartiers juifs, mais ces derni\u00e8res ann\u00e9es, les festivit\u00e9s se cantonnent aux alentours de la Ghriba pour des raisons s\u00e9curitaires.<\/p>\n<p>Le p\u00e8lerinage fait partie de l\u2019identit\u00e9 des Tunisiens de confession juive, qui ne sont plus que 1.500 \u00e0 vivre en Tunisie, majoritairement \u00e0 Djerba, contre 100.000 avant l\u2019ind\u00e9pendance en 1956.<\/p>\n<\/div>\n<p>Auteur: AFP<br \/>\n<a href=\"https:\/\/www.journalducameroun.com\/en-tunisie-le-pelerinage-juif-de-la-ghriba-a-retrouve-des-couleurs\/\">Cliquez ici pour lire l&rsquo;article depuis sa source.<\/a><\/p>\n","protected":false},"excerpt":{"rendered":"<p>Publi\u00e9 le 23.05.2019 \u00e0 21h50 par AFP Les fid\u00e8les juifs sont venus par milliers en p\u00e8lerinage \u00e0 la Ghriba, dans le sud de la Tunisie, confirmant un regain de fr\u00e9quentation \u00e0 la faveur d\u2019une am\u00e9lioration de la s\u00e9curit\u00e9 qui laisse \u00e9galement augurer d\u2019une saison touristique record. Ce p\u00e8lerinage, organis\u00e9 chaque ann\u00e9e au 33e jour de [&hellip;]<\/p>\n","protected":false},"author":1965,"featured_media":0,"comment_status":"closed","ping_status":"closed","sticky":false,"template":"","format":"standard","meta":{"fifu_image_url":"","fifu_image_alt":"","footnotes":""},"categories":[73,82],"tags":[],"class_list":["post-36253","post","type-post","status-publish","format-standard","hentry","category-actualite","category-cameroun"],"_links":{"self":[{"href":"https:\/\/linitiative.ca\/International\/wp-json\/wp\/v2\/posts\/36253","targetHints":{"allow":["GET"]}}],"collection":[{"href":"https:\/\/linitiative.ca\/International\/wp-json\/wp\/v2\/posts"}],"about":[{"href":"https:\/\/linitiative.ca\/International\/wp-json\/wp\/v2\/types\/post"}],"author":[{"embeddable":true,"href":"https:\/\/linitiative.ca\/International\/wp-json\/wp\/v2\/users\/1965"}],"replies":[{"embeddable":true,"href":"https:\/\/linitiative.ca\/International\/wp-json\/wp\/v2\/comments?post=36253"}],"version-history":[{"count":0,"href":"https:\/\/linitiative.ca\/International\/wp-json\/wp\/v2\/posts\/36253\/revisions"}],"wp:attachment":[{"href":"https:\/\/linitiative.ca\/International\/wp-json\/wp\/v2\/media?parent=36253"}],"wp:term":[{"taxonomy":"category","embeddable":true,"href":"https:\/\/linitiative.ca\/International\/wp-json\/wp\/v2\/categories?post=36253"},{"taxonomy":"post_tag","embeddable":true,"href":"https:\/\/linitiative.ca\/International\/wp-json\/wp\/v2\/tags?post=36253"}],"curies":[{"name":"wp","href":"https:\/\/api.w.org\/{rel}","templated":true}]}}