{"id":36273,"date":"2019-05-23T03:44:21","date_gmt":"2019-05-23T07:44:21","guid":{"rendered":"https:\/\/linitiative.ca\/International\/est-emmanuel-bonde-a-t-il-repris-le-projet-sucrier-de-batouri-quil-avait-torpille\/"},"modified":"2019-05-23T03:44:21","modified_gmt":"2019-05-23T07:44:21","slug":"est-emmanuel-bonde-a-t-il-repris-le-projet-sucrier-de-batouri-quil-avait-torpille","status":"publish","type":"post","link":"https:\/\/linitiative.ca\/International\/est-emmanuel-bonde-a-t-il-repris-le-projet-sucrier-de-batouri-quil-avait-torpille\/","title":{"rendered":"Est : Emmanuel Bond\u00e9 a-t-il repris le projet sucrier de Batouri qu\u2019il avait torpill\u00e9 ?"},"content":{"rendered":"<p>On reparle du complexe sucrier de Batouri, dans la r\u00e9gion de l\u2019Est. Citant des sources proches du dossier, le journal <strong><em>Essingan<\/em><\/strong>, dans son \u00e9dition du 13 mai, se fait l\u2019\u00e9cho de r\u00e9unions qui se multiplient depuis quelques semaines \u00e0 la r\u00e9sidence de l\u2019ancien ministre des Mines, de l\u2019Industrie et du D\u00e9veloppement technologique (Minmidt) et non moins membre du Conseil constitutionnel, <strong>Emmanuel Bond\u00e9<\/strong>, en vue de la relance imminente de ce projet qui n\u00e9cessite un investissement de <strong>60 milliards Fcfa<\/strong>, mais qui tarde \u00e0 prendre corps depuis 2013, du fait des d\u00e9saccords \u00e0 r\u00e9p\u00e9tition sur son mod\u00e8le de financement. <strong>Justine Sugar Mills<\/strong>, soci\u00e9t\u00e9 unipersonnelle appartenant un certain <strong>Dieudonn\u00e9 Mirabeau Dong Thry Dong<\/strong>, laquelle soci\u00e9t\u00e9 porte ce projet depuis le d\u00e9part, avait sign\u00e9 en 2012 un protocole d\u2019accord avec l\u2019Etat du Cameroun, qui lui accordait l\u2019exclusivit\u00e9 d\u2019installer un complexe sucrier de <strong>32000 hectares<\/strong> dans l\u2019interzone Bertoua-Batouri, pour une capacit\u00e9 install\u00e9e de <strong>60.000 tonnes<\/strong> de sucre par an.<\/p>\n<hr\/>\n<h4><strong>>> Lire aussi \u2013 <a title=\"200 millions FCFA pour soutenir la construction d\u2019une usine de transformation de bois \u00e0 Lomi\u00e9\" href=\"https:\/\/ecomatin.net\/financement-200-millions-fcfa-pour-soutenir-la-construction-dune-usine-de-transformation-de-bois-a-lomie\/\" target=\"_blank\" rel=\"noopener noreferrer\">200 millions FCFA pour soutenir la construction d\u2019une usine de transformation de bois \u00e0 Lomi\u00e9<\/a><br \/><\/strong><\/h4>\n<hr\/>\n<p>Ledit protocole sera annul\u00e9 en 2014 sur fond de batailles entre <strong>Emmanuel Bond\u00e9<\/strong>, dont le minist\u00e8re repr\u00e9sente l\u2019Etat dans le projet, et <strong>Dong Thry Dong<\/strong>. Le premier d\u00e9noncera une gestion opaque du projet, apr\u00e8s avoir demand\u00e9 \u00e0 voir clair dans la gestion des <strong>562 millions Fcfa<\/strong> d\u00e9bloqu\u00e9s par le Fonds d\u2019\u00e9quipement et d\u2019intervention intercommunale (Feicom), au titre de la participation dans le capital de l\u2019entreprise de <strong>11<\/strong> communes situ\u00e9es \u00e0 proximit\u00e9 du projet. <strong>138 millions Fcfa<\/strong> avaient \u00e9galement \u00e9t\u00e9 mobilis\u00e9s par le minist\u00e8re de l\u2019Economie, de la Planification et de l\u2019Am\u00e9nagement du territoire (Minepat). Une proc\u00e9dure est pendante devant le Tribunal criminel sp\u00e9cial (Tcs) \u00e0 Yaound\u00e9, \u00e0 la suite d\u2019une plainte d\u00e9pos\u00e9e par celui qui est devenu membre du Conseil constitutionnel.<\/p>\n<hr\/>\n<h4><strong>>> Lire aussi \u2013 <a title=\"Agro-industrie : la Sosucam va en guerre la contrefa\u00e7on\" href=\"https:\/\/ecomatin.net\/agro-industrie-la-sosucam-va-en-guerre-la-contrefacon\/\" target=\"_blank\" rel=\"noopener noreferrer\">Agro-industrie : la Sosucam va en guerre la contrefa\u00e7on<\/a><br \/><\/strong><\/h4>\n<hr\/>\n<p>Quant \u00e0 la poursuite du projet, toutes les tentatives de mobilisation des fonds engag\u00e9es jusque-l\u00e0 ont \u00e9t\u00e9 vaines. Fin 2014, le leader marocain du march\u00e9 du sucre, <strong>Cosumar<\/strong>, s\u2019\u00e9tait m\u00eame adjug\u00e9 le projet \u00e0 la suite d\u2019un appel international \u00e0 manifestation d\u2019int\u00e9r\u00eat lanc\u00e9 par le gouvernement et auquel <strong>Justin Sugar Mills<\/strong> \u00e9tait invit\u00e9 \u00e0 participer, mais s\u2019\u00e9tait abstenu. Il s\u2019\u00e9tait ensuite retir\u00e9 en catimini. Avec les rumeurs persistantes sur la reprise imminente du projet sous le contr\u00f4le d\u2019<strong>Emmanuel Bond\u00e9,<\/strong> c\u2019est une nouvelle \u00e9tape qui est franchie dans ce dossier qu\u2019il est accus\u00e9 d\u2019avoir torpill\u00e9 depuis le d\u00e9but. Cependant, le groupe fran\u00e7ais Somdiaa, propri\u00e9taire la Soci\u00e9t\u00e9 sucri\u00e8re du Cameroun, l\u2019un des soumissionnaires malheureux apr\u00e8s l\u2019appel \u00e0 manifestation d\u2019int\u00e9r\u00eat cit\u00e9 supra, est toujours en embuscade.<\/p>\n<div class=\"about-author about-author-box container-wrapper\">\n<div class=\"author-avatar\">\n<p><img decoding=\"async\" src=\"http:\/\/\" alt=\"\"\/><\/p>\n<\/div>\n<p><h4>La R\u00e9daction EcoMatin<\/h4>\n<\/p>\n<\/div>\n<div class=\"awac-wrapper awac widget blog_subscription-2\">\n<h4 class=\"widget-title\">Abonnez-vous \u00e0 notre lettre d&rsquo;information<\/h4>\n<\/div>\n<p>Auteur: EcoMatin<br \/>\n<a href=\"https:\/\/ecomatin.net\/est-emmanuel-bonde-a-t-il-repris-le-projet-sucrier-de-batouri-quil-avait-torpille\/\">Cliquez ici pour lire l&rsquo;article depuis sa source.<\/a><\/p>\n","protected":false},"excerpt":{"rendered":"<p>On reparle du complexe sucrier de Batouri, dans la r\u00e9gion de l\u2019Est. Citant des sources proches du dossier, le journal Essingan, dans son \u00e9dition du 13 mai, se fait l\u2019\u00e9cho de r\u00e9unions qui se multiplient depuis quelques semaines \u00e0 la r\u00e9sidence de l\u2019ancien ministre des Mines, de l\u2019Industrie et du D\u00e9veloppement technologique (Minmidt) et non [&hellip;]<\/p>\n","protected":false},"author":1969,"featured_media":0,"comment_status":"closed","ping_status":"closed","sticky":false,"template":"","format":"standard","meta":{"fifu_image_url":"","fifu_image_alt":"","footnotes":""},"categories":[82,78],"tags":[],"class_list":["post-36273","post","type-post","status-publish","format-standard","hentry","category-cameroun","category-economie"],"_links":{"self":[{"href":"https:\/\/linitiative.ca\/International\/wp-json\/wp\/v2\/posts\/36273","targetHints":{"allow":["GET"]}}],"collection":[{"href":"https:\/\/linitiative.ca\/International\/wp-json\/wp\/v2\/posts"}],"about":[{"href":"https:\/\/linitiative.ca\/International\/wp-json\/wp\/v2\/types\/post"}],"author":[{"embeddable":true,"href":"https:\/\/linitiative.ca\/International\/wp-json\/wp\/v2\/users\/1969"}],"replies":[{"embeddable":true,"href":"https:\/\/linitiative.ca\/International\/wp-json\/wp\/v2\/comments?post=36273"}],"version-history":[{"count":0,"href":"https:\/\/linitiative.ca\/International\/wp-json\/wp\/v2\/posts\/36273\/revisions"}],"wp:attachment":[{"href":"https:\/\/linitiative.ca\/International\/wp-json\/wp\/v2\/media?parent=36273"}],"wp:term":[{"taxonomy":"category","embeddable":true,"href":"https:\/\/linitiative.ca\/International\/wp-json\/wp\/v2\/categories?post=36273"},{"taxonomy":"post_tag","embeddable":true,"href":"https:\/\/linitiative.ca\/International\/wp-json\/wp\/v2\/tags?post=36273"}],"curies":[{"name":"wp","href":"https:\/\/api.w.org\/{rel}","templated":true}]}}