{"id":36274,"date":"2019-05-23T04:07:19","date_gmt":"2019-05-23T08:07:19","guid":{"rendered":"https:\/\/linitiative.ca\/International\/septentrion-le-business-des-vehicules-importes-illegalement-se-porte-bien\/"},"modified":"2019-05-23T04:07:19","modified_gmt":"2019-05-23T08:07:19","slug":"septentrion-le-business-des-vehicules-importes-illegalement-se-porte-bien","status":"publish","type":"post","link":"https:\/\/linitiative.ca\/International\/septentrion-le-business-des-vehicules-importes-illegalement-se-porte-bien\/","title":{"rendered":"Septentrion : le business des v\u00e9hicules import\u00e9s ill\u00e9galement se porte bien"},"content":{"rendered":"<div class=\"featured-area featured-area-inner\"><img loading=\"lazy\" decoding=\"async\" width=\"670\" height=\"377\" src=\"https:\/\/i2.wp.com\/ecomatin.net\/wp-content\/uploads\/2019\/05\/ecomatin.net-septentrion-le-business-des-vehicules-importes-illegalement-se-porte-bien-voitures.jpg?resize=670%2C377&#038;ssl=1&#038;is-pending-load=1\" class=\"attachment-jannah-image-post size-jannah-image-post wp-post-image jetpack-lazy-image\" alt=\"\" data-attachment-id=\"8403\" data-permalink=\"https:\/\/ecomatin.net\/septentrion-le-business-des-vehicules-importes-illegalement-se-porte-bien\/voitures\/\" data-orig-file=\"https:\/\/i2.wp.com\/ecomatin.net\/wp-content\/uploads\/2019\/05\/ecomatin.net-septentrion-le-business-des-vehicules-importes-illegalement-se-porte-bien-voitures.jpg?fit=670%2C377&#038;ssl=1\" data-orig-size=\"670,377\" data-comments-opened=\"0\" data-image-meta=\"{\"aperture\":\"0\",\"credit\":\"\",\"camera\":\"\",\"caption\":\"\",\"created_timestamp\":\"0\",\"copyright\":\"\",\"focal_length\":\"0\",\"iso\":\"0\",\"shutter_speed\":\"0\",\"title\":\"\",\"orientation\":\"0\"}\" data-image-title=\"voitures\" data-image-description=\"\" data-medium-file=\"https:\/\/i2.wp.com\/ecomatin.net\/wp-content\/uploads\/2019\/05\/ecomatin.net-septentrion-le-business-des-vehicules-importes-illegalement-se-porte-bien-voitures.jpg?fit=300%2C169&#038;ssl=1\" data-large-file=\"https:\/\/i2.wp.com\/ecomatin.net\/wp-content\/uploads\/2019\/05\/ecomatin.net-septentrion-le-business-des-vehicules-importes-illegalement-se-porte-bien-voitures.jpg?fit=670%2C377&#038;ssl=1\" data-lazy-srcset=\"https:\/\/i2.wp.com\/ecomatin.net\/wp-content\/uploads\/2019\/05\/ecomatin.net-septentrion-le-business-des-vehicules-importes-illegalement-se-porte-bien-voitures.jpg?w=670&#038;ssl=1 670w, https:\/\/i2.wp.com\/ecomatin.net\/wp-content\/uploads\/2019\/05\/ecomatin.net-septentrion-le-business-des-vehicules-importes-illegalement-se-porte-bien-voitures.jpg?resize=300%2C169&#038;ssl=1 300w, https:\/\/i2.wp.com\/ecomatin.net\/wp-content\/uploads\/2019\/05\/ecomatin.net-septentrion-le-business-des-vehicules-importes-illegalement-se-porte-bien-voitures.jpg?resize=390%2C220&#038;ssl=1 390w\" data-lazy-sizes=\"(max-width: 670px) 100vw, 670px\" srcset=\"data:image\/gif;base64,R0lGODlhAQABAIAAAAAAAP\/\/\/yH5BAEAAAAALAAAAAABAAEAAAIBRAA7\"\/><\/div>\n<div class=\"entry-content entry clearfix\" readability=\"60.0236794171\">\n<p>Dans le cadre de l\u2019op\u00e9ration Halte au commerce illicite (<strong>Halcomi<\/strong>), initi\u00e9e par le minist\u00e8re des Finances et conduite par la Direction g\u00e9n\u00e9rale des Douanes (Dgd), deux nouveaux v\u00e9hicules import\u00e9s ill\u00e9galement sur le territoire camerounais depuis le Nigeria ont \u00e9t\u00e9 saisis au cours de la seule semaine du 06 au 12 mai dernier dans le Septentrion. La premi\u00e8re voiture, de marque Toyota High Lander sortie d\u2019usine en 2010, a \u00e9t\u00e9 rattrap\u00e9e par les services de la Douane \u00e0 Garoua, le chef-lieu de la r\u00e9gion du Nord. Son chauffeur, de nationalit\u00e9 camerounaise et r\u00e9put\u00e9 r\u00e9cidiviste, \u00e9tait en possession de faux documents douaniers. La deuxi\u00e8me voiture, un Toyota Prado Land Cruiser sortie d\u2019usine en 2016, a \u00e9t\u00e9 rattrap\u00e9e \u00e0 Banyo, dans le d\u00e9partement du Mayo-Rey (Adamaoua). Le 22 janvier 2019, la Direction g\u00e9n\u00e9rale des Douanes avait mis la main sur <strong>22<\/strong> autres v\u00e9hicules en circulation sur le territoire camerounais sans aucun document authentique de d\u00e9douanement, dont <strong>15<\/strong> dans les deux r\u00e9gions cit\u00e9es plus haut, plus l\u2019Extr\u00eame-Nord. Sept autres avaient \u00e9t\u00e9 saisis dans le Sud et \u00e0 l\u2019Est.<\/p>\n<hr\/>\n<h4><strong>>> Lire aussi \u2013 <a title=\"Importations : le plan fiscal pour lutter contre les vieilles voitures\" href=\"https:\/\/ecomatin.net\/importations-le-plan-fiscal-pour-lutter-contre-les-vieilles-voitures\/\" target=\"_blank\" rel=\"noopener noreferrer\">Importations : le plan fiscal pour lutter contre les vieilles voitures<\/a><br \/><\/strong><\/h4>\n<hr\/>\n<p>Un peu plus t\u00f4t, le 03 janvier, un engin de Btp et une voiture de marque Mercedes ML 350 Matic \u00e9taient d\u00e9j\u00e0 tomb\u00e9s dans les mailles du filet dans la r\u00e9gion du Sud. \u00a0Entre le 10 et le 17 mars 2019, c\u2019est deux fourgonnettes et <strong>12<\/strong> v\u00e9hicules de luxe qui avaient \u00e9t\u00e9 rattrap\u00e9s. Calculette en main, cela fait <strong>36 voitures<\/strong> entr\u00e9es par voie terrestre et sans aucun document douanier. Et, ce chiffre est loin de repr\u00e9senter la r\u00e9alit\u00e9 de la contrebande des v\u00e9hicules au Cameroun. Au cours du seul mois d\u2019ao\u00fbt 2018, la Dgd a annonc\u00e9 avoir mis la main sur <strong>46<\/strong> v\u00e9hicules entr\u00e9s ill\u00e9galement au Cameroun, dont <strong>25<\/strong> dans les trois r\u00e9gions septentrionales et le reste dans le Littoral, l\u2019Est et le Sud. En juillet de la m\u00eame ann\u00e9e, <strong>12<\/strong> autres engins roulants avaient \u00e9t\u00e9 retrouv\u00e9s dans un domicile priv\u00e9 \u00e0 Garoua.<\/p>\n<div class=\"about-author about-author-box container-wrapper\">\n<div class=\"author-avatar\">\n<p><img decoding=\"async\" src=\"http:\/\/\" alt=\"\"\/><\/p>\n<\/div>\n<p><h4>La R\u00e9daction EcoMatin<\/h4>\n<\/p>\n<\/div>\n<div class=\"awac-wrapper awac widget blog_subscription-2\">\n<h4 class=\"widget-title\">Abonnez-vous \u00e0 notre lettre d&rsquo;information<\/h4>\n<\/div>\n<\/div>\n<div class=\"toggle-post-content clearfix\"><a id=\"toggle-post-button\" class=\"button\" href=\"#\">Afficher plus <\/a><\/div>\n<p>Auteur: EcoMatin<br \/>\n<a href=\"https:\/\/ecomatin.net\/septentrion-le-business-des-vehicules-importes-illegalement-se-porte-bien\/\">Cliquez ici pour lire l&rsquo;article depuis sa source.<\/a><\/p>\n","protected":false},"excerpt":{"rendered":"<p>Dans le cadre de l\u2019op\u00e9ration Halte au commerce illicite (Halcomi), initi\u00e9e par le minist\u00e8re des Finances et conduite par la Direction g\u00e9n\u00e9rale des Douanes (Dgd), deux nouveaux v\u00e9hicules import\u00e9s ill\u00e9galement sur le territoire camerounais depuis le Nigeria ont \u00e9t\u00e9 saisis au cours de la seule semaine du 06 au 12 mai dernier dans le Septentrion. [&hellip;]<\/p>\n","protected":false},"author":1969,"featured_media":0,"comment_status":"closed","ping_status":"closed","sticky":false,"template":"","format":"standard","meta":{"fifu_image_url":"","fifu_image_alt":"","footnotes":""},"categories":[82,78],"tags":[],"class_list":["post-36274","post","type-post","status-publish","format-standard","hentry","category-cameroun","category-economie"],"_links":{"self":[{"href":"https:\/\/linitiative.ca\/International\/wp-json\/wp\/v2\/posts\/36274","targetHints":{"allow":["GET"]}}],"collection":[{"href":"https:\/\/linitiative.ca\/International\/wp-json\/wp\/v2\/posts"}],"about":[{"href":"https:\/\/linitiative.ca\/International\/wp-json\/wp\/v2\/types\/post"}],"author":[{"embeddable":true,"href":"https:\/\/linitiative.ca\/International\/wp-json\/wp\/v2\/users\/1969"}],"replies":[{"embeddable":true,"href":"https:\/\/linitiative.ca\/International\/wp-json\/wp\/v2\/comments?post=36274"}],"version-history":[{"count":0,"href":"https:\/\/linitiative.ca\/International\/wp-json\/wp\/v2\/posts\/36274\/revisions"}],"wp:attachment":[{"href":"https:\/\/linitiative.ca\/International\/wp-json\/wp\/v2\/media?parent=36274"}],"wp:term":[{"taxonomy":"category","embeddable":true,"href":"https:\/\/linitiative.ca\/International\/wp-json\/wp\/v2\/categories?post=36274"},{"taxonomy":"post_tag","embeddable":true,"href":"https:\/\/linitiative.ca\/International\/wp-json\/wp\/v2\/tags?post=36274"}],"curies":[{"name":"wp","href":"https:\/\/api.w.org\/{rel}","templated":true}]}}