{"id":36275,"date":"2019-05-23T05:04:10","date_gmt":"2019-05-23T09:04:10","guid":{"rendered":"https:\/\/linitiative.ca\/International\/nexttel-pourquoi-letat-va-lacher-baba-danpullo\/"},"modified":"2019-05-23T05:04:10","modified_gmt":"2019-05-23T09:04:10","slug":"nexttel-pourquoi-letat-va-lacher-baba-danpullo","status":"publish","type":"post","link":"https:\/\/linitiative.ca\/International\/nexttel-pourquoi-letat-va-lacher-baba-danpullo\/","title":{"rendered":"Nexttel : pourquoi l\u2019Etat va l\u00e2cher Baba Danpullo"},"content":{"rendered":"<p>Lanc\u00e9 en 2014, <strong>Nexttel<\/strong> est cod\u00e9tenu par <strong>Viettel Global<\/strong> (contr\u00f4l\u00e9 par <strong>l\u2019arm\u00e9e vietnamienne<\/strong>) et par <strong>Bestcam<\/strong>, appartenant \u00e0 <strong>Baba Ahmadou Danpullo<\/strong> homme le plus fortun\u00e9 du Cameroun (<strong>550milliardsFCFA<\/strong>), \u00e2g\u00e9 de <strong>69ans<\/strong>, ayant fait fortune dans l\u2019agroalimentaire, l\u2019immobilier et le transport. L\u2019actionnariat de l\u2019entreprise appartient \u00e0 <strong>70%<\/strong> aux Vietnamiens avec un investissement estim\u00e9 \u00e0 <strong>210 milliardsFCFA<\/strong> ; tandis que Baba Danpullo poss\u00e8de les <strong>30%<\/strong> restant. Elle est la premi\u00e8re \u00e0 avoir d\u00e9ploy\u00e9 la technologie <strong>3G<\/strong> dans le pays.<\/p>\n<p>Jusqu\u2019ici un vent favorable r\u00e9gnait \u00e0 Nexttel. Sauf que ces derniers temps, les actionnaires vietnamiens et l\u2019homme d\u2019affaires camerounais sont entr\u00e9s en guerre ouverte pour le contr\u00f4le de l\u2019entreprise, depuis octobre 2018. \u00c0 cette date, Baba Danpullo notifie aux Vietnamiens la fin de leur joint-venture en sa qualit\u00e9 de PCA de Viettel Cameroun SA.<\/p>\n<p>Avec le soutien d\u2019une partie majoritaire de la presse nationale, Danpullo accuse la partie vietnamienne <em>\u00ab\u00a0d\u2019espionnage\u00a0\u00bb<\/em> et de rapatrier clandestinement de l\u2019argent dans leur pays. Il reproche \u00e0 l\u2019actionnariat vietnamien de surfacturer certains projets et \u00e9quipements de Nexttel.<\/p>\n<p>L\u2019homme le plus riche du Cameroun profite de cette circonstance pour prendre le contr\u00f4le de l\u2019entreprise. Soutenu par l\u2019\u00c9tat et la justice camerounaise, il se voit octroyer un droit de signature dans les comptes de l\u2019entreprise, en demandant par ailleurs la saisie des actions d\u00e9tenues par son partenaire vietnamien. Il renforce le divorce en signant entre temps un accord entre Nexttel et l\u2019entreprise isra\u00e9lienne <strong>Gilat Telecom<\/strong> pour le d\u00e9ploiement de la <strong>4G<\/strong> au Pays.<\/p>\n<p>Persuad\u00e9s que l\u2019homme d\u2019affaires cherche \u00e0 faire main basse sur l\u2019entreprise de t\u00e9l\u00e9phonie mobile, Viettel et son conseil, le cabinet d\u2019avocats <strong>Jing&#038;Partners<\/strong>, ont \u00e0 leur tour multipli\u00e9 les courriers aux autorit\u00e9s politiques camerounaises. Car, disent-ils, Baba Danpullo a pris <em>\u00ab\u2009de nombreuses mesures ill\u00e9gales pour emp\u00eacher les Vietnamiens de travailler (\u2026) \u00e0 Viettel Cameroun \u00bb.<\/em> Le 06 mai 2019, la bataille prend une autre tournure.<\/p>\n<p>Une d\u00e9l\u00e9gation vietnamienne pr\u00e9sid\u00e9 par <strong>Nguyen QuocCuong<\/strong>, vice-ministre vietnamien des Affaires \u00e9trang\u00e8res d\u00e9barque en terre camerounaise. Il vient porter un message de son gouvernement au <strong>Premier ministre (PM) Dion Ngute,<\/strong> lors d\u2019une audience. Il est venu dire au PM la d\u00e9termination de son pays \u00e0 trouver une solution sur cette affaire m\u00eame aupr\u00e8s de la justice internationale. Pour les observateurs, les diplomates vietnamiens savent qu\u2019un proc\u00e8s contre le Cameroun sur la sc\u00e8ne internationale n\u2019est pas souhaitable aujourd\u2019hui.<\/p>\n<p>Cela devrait ajouter de l\u2019huile dans le feu au moment o\u00f9 plusieurs Etats et <strong>ONG<\/strong> pr\u00e9sentent le pays comme un territoire de violation des droits humains incapable de s\u00e9curiser les investissements \u00e9trangers \u00a0d\u2019assurer un climat des affaires propice. Cette image \u00e0 l\u2019international devient inqui\u00e9tante pour Yaound\u00e9. Une fin de complaisance \u00e0 l\u2019endroit de l\u2019homme d\u2019affaires local se dessine \u00e0 l\u2019horizon.<\/p>\n<div class=\"rpbt_shortcode\">\n<h3>Voir aussi :<\/h3>\n<\/div>\n<div class=\"about-author about-author-box container-wrapper\">\n<div class=\"author-avatar\">\n<p><img decoding=\"async\" src=\"http:\/\/\" alt=\"\"\/><\/p>\n<\/div>\n<p><h4>La R\u00e9daction EcoMatin<\/h4>\n<\/p>\n<\/div>\n<div class=\"awac-wrapper awac widget blog_subscription-2\">\n<h4 class=\"widget-title\">Abonnez-vous \u00e0 notre lettre d&rsquo;information<\/h4>\n<\/div>\n<p>Auteur: EcoMatin<br \/>\n<a href=\"https:\/\/ecomatin.net\/nexttel-pourquoi-letat-va-lacher-baba-danpullo\/\">Cliquez ici pour lire l&rsquo;article depuis sa source.<\/a><\/p>\n","protected":false},"excerpt":{"rendered":"<p>Lanc\u00e9 en 2014, Nexttel est cod\u00e9tenu par Viettel Global (contr\u00f4l\u00e9 par l\u2019arm\u00e9e vietnamienne) et par Bestcam, appartenant \u00e0 Baba Ahmadou Danpullo homme le plus fortun\u00e9 du Cameroun (550milliardsFCFA), \u00e2g\u00e9 de 69ans, ayant fait fortune dans l\u2019agroalimentaire, l\u2019immobilier et le transport. L\u2019actionnariat de l\u2019entreprise appartient \u00e0 70% aux Vietnamiens avec un investissement estim\u00e9 \u00e0 210 milliardsFCFA [&hellip;]<\/p>\n","protected":false},"author":1969,"featured_media":0,"comment_status":"closed","ping_status":"closed","sticky":false,"template":"","format":"standard","meta":{"fifu_image_url":"","fifu_image_alt":"","footnotes":""},"categories":[82,78],"tags":[],"class_list":["post-36275","post","type-post","status-publish","format-standard","hentry","category-cameroun","category-economie"],"_links":{"self":[{"href":"https:\/\/linitiative.ca\/International\/wp-json\/wp\/v2\/posts\/36275","targetHints":{"allow":["GET"]}}],"collection":[{"href":"https:\/\/linitiative.ca\/International\/wp-json\/wp\/v2\/posts"}],"about":[{"href":"https:\/\/linitiative.ca\/International\/wp-json\/wp\/v2\/types\/post"}],"author":[{"embeddable":true,"href":"https:\/\/linitiative.ca\/International\/wp-json\/wp\/v2\/users\/1969"}],"replies":[{"embeddable":true,"href":"https:\/\/linitiative.ca\/International\/wp-json\/wp\/v2\/comments?post=36275"}],"version-history":[{"count":0,"href":"https:\/\/linitiative.ca\/International\/wp-json\/wp\/v2\/posts\/36275\/revisions"}],"wp:attachment":[{"href":"https:\/\/linitiative.ca\/International\/wp-json\/wp\/v2\/media?parent=36275"}],"wp:term":[{"taxonomy":"category","embeddable":true,"href":"https:\/\/linitiative.ca\/International\/wp-json\/wp\/v2\/categories?post=36275"},{"taxonomy":"post_tag","embeddable":true,"href":"https:\/\/linitiative.ca\/International\/wp-json\/wp\/v2\/tags?post=36275"}],"curies":[{"name":"wp","href":"https:\/\/api.w.org\/{rel}","templated":true}]}}